{"id":61952,"date":"2024-05-20T20:59:28","date_gmt":"2024-05-20T20:59:28","guid":{"rendered":"https:\/\/www.dmsjuridica.com\/buscador_20179478954\/salacivil\/2024\/05\/20\/stc2304-2022\/"},"modified":"2024-05-20T20:59:28","modified_gmt":"2024-05-20T20:59:28","slug":"stc2304-2022","status":"publish","type":"post","link":"https:\/\/www.dmsjuridica.com\/buscador_20179478954\/salacivil\/2024\/05\/20\/stc2304-2022\/","title":{"rendered":"STC2304 2022"},"content":{"rendered":"<p>STC2304-2022<\/p>\n<p>&nbsp; &nbsp; &nbsp; &nbsp;&nbsp;<\/p>\n<p>HILDA &nbsp;GONZ\u00c1LEZ NEIRA &nbsp;<\/p>\n<p>Magistrada &nbsp;ponente &nbsp;<\/p>\n<p>STC2304-2022 &nbsp;<\/p>\n<p>Radicaci\u00f3n &nbsp;n\u00ba 15001-22-13-000-2021-00150-01 &nbsp;<\/p>\n<p>(Aprobado en sesi\u00f3n de &nbsp;dos de marzo de dos mil veintid\u00f3s) &nbsp;<\/p>\n<p>Bogot\u00e1, &nbsp;D.C., tres &nbsp;(3) de &nbsp;marzo de dos mil veintid\u00f3s (2022). &nbsp;<\/p>\n<p>Se &nbsp;dirime la impugnaci\u00f3n del fallo proferido el 13 de diciembre &nbsp;de 2021 por la Sala Civil Familia del Tribunal Superior del Distrito &nbsp;Judicial de Tunja, en la tutela que William Hernando Su\u00e1rez &nbsp;S\u00e1nchez le instauro al Juzgado Civil del Circuito de Guateque &nbsp;&#8211; Boyac\u00e1, a la Superintendencia &nbsp;de Servicios P\u00fablicos Domiciliarios, a la Secretar\u00eda de &nbsp;Hacienda de Tunja, a la Empresa de Energ\u00eda de Boyac\u00e1, &nbsp;a &nbsp;las Personer\u00edas y Alcald\u00edas de Guateque, Garagoa, la &nbsp;Capilla y Somondoco, y &nbsp;dem\u00e1s &nbsp;intervinientes en el consecutivo n\u00ba &nbsp;15322310300120210009400. &nbsp;<\/p>\n<p>ANTECEDENTES &nbsp;<\/p>\n<p>1.- El libelista, &nbsp;obrando en nombre propio, reclam\u00f3 la protecci\u00f3n de los &nbsp;derechos al \u00abdebido &nbsp;proceso y la usurpaci\u00f3n de funciones\u00bb, &nbsp;para que, entiende la Sala, por no decirlo claramente, se ordenara: &nbsp;i) &nbsp;Al Juzgado &nbsp;Civil del Circuito de Guateque &#8211; Boyac\u00e1, decidiera el amparo &nbsp;n\u00b0 2021-00094; &nbsp;ii) &nbsp;A la Empresa de Energ\u00eda de Boyac\u00e1, facturara el &nbsp;servicio de alumbrado p\u00fablico y\/o sin cartera y restablecer el &nbsp;mismo de manera inmediata; y, iii) &nbsp;A la Secretar\u00eda de Hacienda de Tunja que facturara el &nbsp;alumbrado p\u00fablico seg\u00fan lo establecido en la Resoluci\u00f3n &nbsp;122 de 2011, modificada por el Decreto 1073 de 2015. &nbsp;<\/p>\n<p>Del confuso &nbsp;escrito primigenio, se deduce que lo que critica el gestor del &nbsp;estrado acusado, es que \u00abdespu\u00e9s &nbsp;de una semana por traslado en traslado el 11 de noviembre de 2021\u00bb &nbsp;admiti\u00f3 la demanda superlativa, &nbsp;\u00absin &nbsp;que a la fecha se pronuncie de fondo\u00bb; de &nbsp;la &nbsp;Empresa de Energ\u00eda de Boyac\u00e1 que dispuso el corte de &nbsp;energ\u00eda en un volante expedido por el Gerente, en el que \u00abse &nbsp;desborda la funci\u00f3n de la empresa de energ\u00eda de Boyac\u00e1 &nbsp;por el cobro de cartera en el alumbrado p\u00fablico\u00bb. &nbsp;<\/p>\n<p>Adem\u00e1s, &nbsp;que, en septiembre del a\u00f1o pasado, reiterando lo requerido &nbsp;desde el 2015, solicit\u00f3 a las entidades administrativas &nbsp;convocadas aplicar la Resoluci\u00f3n 005 de 2021 en concordancia &nbsp;con la Ley 1386 de 2010, y que ofici\u00f3 a la Secretar\u00eda &nbsp;de Hacienda y Personer\u00edas querelladas poniendo en conocimiento &nbsp;el posible \u00abcobro &nbsp;ilegal\u00bb, sin &nbsp;soluci\u00f3n. &nbsp;<\/p>\n<p>2.- La &nbsp;Superintendencia de Servicios P\u00fablicos Domiciliarios precis\u00f3 &nbsp;que, a diciembre de 2021, \u00abno &nbsp;se encontraron antecedentes relacionados con la situaci\u00f3n &nbsp;f\u00e1ctica descrita\u00bb y &nbsp;que, respecto del alumbrado p\u00fablico, no cuenta con las &nbsp;facultades legales pertinentes para manifestarse sobre la materia, &nbsp;pues dicho servicio est\u00e1 excluido de su competencia, en raz\u00f3n &nbsp;a que \u00abno &nbsp;es considerado como domiciliario\u00bb. &nbsp;<\/p>\n<p>La Empresa de &nbsp;Energ\u00eda de Boyac\u00e1 dijo que en virtud del convenio que &nbsp;suscribe con diferentes entes territoriales, factura los valores que &nbsp;estas reportan, sin determinar si corresponde a recaudos de cartera u &nbsp;otros factores; que si bien, la inconformidad del precursor se &nbsp;relaciona con la separaci\u00f3n y el pago independiente del &nbsp;impuesto de alumbrado p\u00fablico, no demuestra que es suscriptor &nbsp;o usuario del servicio prestado por esa empresa, lo que muestra \u00abla &nbsp;falta de acreditaci\u00f3n de afectaci\u00f3n de alg\u00fan &nbsp;derecho fundamental y tampoco acredita el accionante los actos de &nbsp;constre\u00f1imiento, evasivas y v\u00edas de hecho realizadas &nbsp;por la accionada empresa\u00bb &nbsp;y, que Su\u00e1rez &nbsp;S\u00e1nchez &nbsp;ya ha promovido otras salvaguardas contra los mismos censurados, &nbsp;exponiendo supuestas violaciones, aspirando el pago independiente del &nbsp;impuesto de alumbrado p\u00fablico y el servicio de energ\u00eda &nbsp;el\u00e9ctrica, como la fallada por el Juzgado &nbsp;Primero Penal Municipal para Adolescentes con Funci\u00f3n de &nbsp;Control de Garant\u00edas de Tunja el 23 de julio de 2020, &nbsp;declarada improcedente por no existir vulneraci\u00f3n alguna (rad. &nbsp;15001-4071-001-2020-00044-00). &nbsp;<\/p>\n<p>La Alcald\u00eda &nbsp;de Somondoco Boyac\u00e1 resalt\u00f3 que el actor ha formulado &nbsp;varias \u00abacciones &nbsp;de tutela\u00bb ante &nbsp;distintos funcionarios judiciales, por id\u00e9nticos supuestos &nbsp;f\u00e1cticos a los aqu\u00ed enunciados; que no es prestadora &nbsp;del servicio de energ\u00eda el\u00e9ctrica y, que, si bien es &nbsp;cierto el alumbrado p\u00fablico es responsabilidad del municipio, &nbsp;dicho servicio corresponde a la EBSA, previo convenio suscrito por el &nbsp;Concejo Municipal a trav\u00e9s de estatuto de rentas. &nbsp;<\/p>\n<p>El Juzgado Civil &nbsp;del Circuito de Guateque afirm\u00f3 que en sentencia de 24 de &nbsp;noviembre de 2021 desestim\u00f3 la guarda interpuesta por el &nbsp;accionante contra las mismas autoridades aqu\u00ed demandadas, en &nbsp;la que, entre otras cosas, buscaba la \u00abindependencia &nbsp;del servicio de alumbrado p\u00fablico\u00bb. &nbsp;<\/p>\n<p>Las Alcald\u00edas &nbsp;de Guateque y La Capilla destacaron la improcedencia del ruego, &nbsp;porque William &nbsp;Hernando &nbsp;ha hecho uso tanto del &nbsp;\u00abderecho de &nbsp;petici\u00f3n\u00bb &nbsp;como de la \u00abacci\u00f3n &nbsp;de tutela\u00bb, &nbsp;de manera \u00abimprudente, &nbsp;inconducente y excesiva\u00bb &nbsp;y, por ende &nbsp;\u00abtemeraria\u00bb. &nbsp;<\/p>\n<p>La Personer\u00eda &nbsp;de Tunja relat\u00f3 las gestiones adelantadas en virtud de los &nbsp;pedimentos del impulsor, pero resalt\u00f3 que no existe ning\u00fan &nbsp;documento dirigido a ella en septiembre de 2021. Con todo, aunque no &nbsp;ha conculcado las prerrogativas rogadas, coadyuv\u00f3 la s\u00faplica &nbsp;superlativa. &nbsp;<\/p>\n<p>El Tribunal &nbsp;Superior de Tunja adver\u00f3 que confirm\u00f3 el veredicto del &nbsp;Juzgado Civil del Circuito de Guateque, en el auxilio n\u00ba &nbsp;15322310300120210009400 relativo &nbsp;a los mismos hechos y anhelos de este asunto (13 &nbsp;dic. 2021). &nbsp;<\/p>\n<p>SENTENCIA DE &nbsp;PRIMERA INSTANCIA E IMPUGNACI\u00d3N &nbsp;<\/p>\n<p>El a &nbsp;quo &nbsp;neg\u00f3 el &nbsp;\u00abamparo\u00bb, &nbsp;tras &nbsp;advertir que en ninguna trasgresi\u00f3n de atributos esenciales ha &nbsp;incurrido el Juzgado Civil &nbsp;del Circuito de Guateque, &nbsp;en la medida que decidi\u00f3 el resguardo 2021-00094 en los &nbsp;t\u00e9rminos consagrados en el Decreto 2591 de 1991, y por hallar &nbsp;temeraria \u00abla &nbsp;acci\u00f3n de tutela presentada respecto de las autoridades &nbsp;administrativas demandadas, ya que guardan una identidad de hechos, &nbsp;una identidad de demandante, una identidad de sujetos accionados y &nbsp;adem\u00e1s, no se avizora una justificaci\u00f3n al interponer &nbsp;nuevamente la acci\u00f3n constitucional, lo cual permiten colegir &nbsp;que el actor, por la v\u00eda de tutela, pretend\u00eda obtener &nbsp;de ambas judicaturas, esto es, del JUZGADO CIVIL DEL CIRCUITO DE &nbsp;GUATEQUE y TRIBUNAL SUPERIOR DE TUNJA SALA CIVIL FAMILIA una &nbsp;respuesta favorable a sus pretensiones con relaci\u00f3n a las &nbsp;problem\u00e1ticas y desacuerdos que se han presentado entre los &nbsp;extremos procesales del presente litigio constitucional\u00bb. &nbsp;<\/p>\n<p>Apel\u00f3 &nbsp;el quejoso, argumentando que \u00abse &nbsp;encuentra en un estado de indefensi\u00f3n por parte de las &nbsp;entidades prestadoras siendo un servicio b\u00e1sico contemplado &nbsp;en la Ley 142 de 1994 como especial sobre las respuestas dadas es &nbsp;inminente la suspensi\u00f3n lo que genera la acumulaci\u00f3n de &nbsp;tres periodos para justificar su cesaci\u00f3n, omitiendo funciones &nbsp;de las alcald\u00edas establecidas en la Ley 1386 de 2010, &nbsp;generando incertidumbre colocando en peligro el estado social de &nbsp;derecho\u00bb. &nbsp;<\/p>\n<p>CONSIDERACIONES &nbsp;<\/p>\n<p>1.- &nbsp;De &nbsp;entrada, se anuncia la ratificaci\u00f3n del prove\u00eddo &nbsp;opugnado, por no observarse la trasgresi\u00f3n de derechos &nbsp;fundamentales atribuida al &nbsp;Juzgado Civil del Circuito de Guateque &#8211; Boyac\u00e1 y, por &nbsp;temeridad frente a los organismos administrativos cuestionados. &nbsp;<\/p>\n<p>2.- &nbsp;Como lo coligi\u00f3 la primera instancia, en lo que concierne al &nbsp;juzgado confutado, a quien &nbsp;William Hernando Su\u00e1rez S\u00e1nchez acusa &nbsp;de no haber resuelto la &nbsp;\u00abacci\u00f3n &nbsp;de tutela\u00bb &nbsp;que &nbsp;propuso en &nbsp;contra de la Superintendencia &nbsp;de Servicios P\u00fablicos Domiciliarios, la Secretar\u00eda de &nbsp;Hacienda de Tunja, la Empresa de Energ\u00eda de Boyac\u00e1 y &nbsp;las Personer\u00edas y Alcald\u00edas de Guateque, Garagoa, la &nbsp;Capilla, Somondoco (rad. 2021-00094), &nbsp;porque \u00abdespu\u00e9s &nbsp;de una semana por traslado en traslado el 11 de noviembre de 2021\u00bb &nbsp;la admiti\u00f3, &nbsp;\u00absin &nbsp;que a la fecha se pronuncie de fondo\u00bb, es &nbsp;claro que la reclamaci\u00f3n no tiene asidero, porque lo probado &nbsp;en el plenario es, que fue dirimida dentro de los diez d\u00edas &nbsp;previstos en el Decreto 2651 de 1991. &nbsp;<\/p>\n<p>En efecto, &nbsp;radicado ese libelo el 11 de noviembre de 2021, el fallo se emiti\u00f3 &nbsp;el 24 de noviembre siguiente y fue notificado al gestor el d\u00eda &nbsp;29 del mismo mes, quien en esa fecha lo impugn\u00f3. Agr\u00e9guese &nbsp;a lo anterior, que el superior tambi\u00e9n solvent\u00f3 la &nbsp;alzada el 13 de diciembre \u00faltimo. &nbsp;<\/p>\n<p>Bajo &nbsp;ese derrotero, mal &nbsp;puede el detractor predicar la violaci\u00f3n de sus garant\u00edas &nbsp;superiores, cuando el menoscabo revelado no fue verificado. &nbsp;Sobre &nbsp;el particular esta Sala ha sostenido que, para &nbsp;la prosperidad de la salvaguarda, \u201c(\u2026) &nbsp;no &nbsp;basta con que el accionante se\u00f1ale que se le ha vulnerado un &nbsp;derecho fundamental, pues se requiere que se demuestre que los &nbsp;derechos fundamentales que se pretenden proteger han sido vulnerados &nbsp;o est\u00e1n amenazados por la acci\u00f3n u omisi\u00f3n de &nbsp;las autoridades p\u00fablicas o de los particulares en los casos &nbsp;previstos en la ley\u201d &nbsp;(STC7647-2020, &nbsp;STC3764-2021). &nbsp;<\/p>\n<p>3.- &nbsp;El &nbsp;art\u00edculo &nbsp;38 del Decreto 2591 de 1991, consagra, que \u00abcuando &nbsp;sin motivo expresamente justificado, la misma acci\u00f3n de tutela &nbsp;sea presentada contra la misma persona o su representante ante varios &nbsp;jueces o tribunales, se despachar\u00e1n o decidir\u00e1n &nbsp;desfavorablemente todas las solicitudes\u00bb. &nbsp;<\/p>\n<p>Sobre &nbsp;este tipo de comportamientos, la Sala ha esgrimido: &nbsp;<\/p>\n<p>\u00ab(\u2026) &nbsp;la tutela est\u00e1 sujeta al principio de la unicidad de su &nbsp;promoci\u00f3n, que proh\u00edbe que la id\u00e9ntica queja &nbsp;constitucional sea presentada en varias oportunidades y por la misma &nbsp;persona o su representante, o que su reiterada invocaci\u00f3n se &nbsp;realice sin motivo expresamente justificado; precepto que tipifica &nbsp;una forma de temeridad en esta materia y que conlleva a examinar si &nbsp;la nueva protecci\u00f3n es igual a la anterior, vale decir, si &nbsp;entre ambas existe identidad de hechos y derechos, as\u00ed como de &nbsp;las partes, sin importar que tengan algunas diferencias incidentales; &nbsp;y por \u00faltimo, si la repetici\u00f3n del amparo obedece a &nbsp;motivo justificado, como ser\u00eda, por ejemplo, la ocurrencia de &nbsp;sucesos nuevos o distintos que comporten una verdadera variaci\u00f3n &nbsp;de la situaci\u00f3n f\u00e1ctica inicial\u00bb &nbsp;(STC-01841-00, &nbsp;21 oct. 2009, STC6467-2018, reiteradas en STC8587-2020 y &nbsp;STC11658-2021). &nbsp;<\/p>\n<p>De &nbsp;suerte, que, el deseo tanto del Constituyente primario como del &nbsp;legislador no es patrocinar el uso desmedido de esta selecta &nbsp;herramienta, sino m\u00e1s bien recriminar severamente cualquier &nbsp;actitud que se dirija a hacerlo, ya que, como qued\u00f3 visto, en &nbsp;el peor de los casos quien as\u00ed obre no ver\u00e1 triunfar su &nbsp;postulaci\u00f3n constitucional. &nbsp;<\/p>\n<p>4.- &nbsp;En el sub &nbsp;lite, frente &nbsp;a la Superintendencia &nbsp;de Servicios P\u00fablicos Domiciliarios, la Secretar\u00eda de &nbsp;Hacienda de Tunja, la Empresa de Energ\u00eda de Boyac\u00e1, &nbsp;las &nbsp;Personer\u00edas y Alcald\u00edas de Guateque, Garagoa, la &nbsp;Capilla, Somondoco, resulta l\u00f3gico inferir la existencia de &nbsp;una conducta \u00abtemeraria\u00bb &nbsp;en el &nbsp;impulsor, ya que en la \u00abacci\u00f3n &nbsp;de tutela\u00bb &nbsp;antes referida (2021-00094), el Juzgado Civil del Circuito de &nbsp;Guateque y el Tribunal Superior de Tunja resolvieron pretensiones &nbsp;id\u00e9nticas a las aqu\u00ed formuladas, con base en los mismos &nbsp;hechos y respecto de tales autoridades, sin &nbsp;que se alteren aspectos medulares del petitum. &nbsp;<\/p>\n<p>De suerte, que los &nbsp;participantes, objeto y causa (hechos) &nbsp;son equivalentes, sin que circunstancias sobrevinientes modifiquen la &nbsp;conclusi\u00f3n de la incursi\u00f3n en una repetici\u00f3n &nbsp;indebida, ya &nbsp;que no acredit\u00f3 un motivo que justifique dicho proceder. &nbsp;<\/p>\n<p>Adem\u00e1s, &nbsp;se advierte igualmente, que a parte del auxilio 2021-00094, con &nbsp;anterioridad William Hernando ejerci\u00f3 la misma tutelar por &nbsp;semejantes supuestos f\u00e1cticos y anhelos ante el Juzgado &nbsp;Primero Penal Municipal para Adolecentes con Funci\u00f3n de &nbsp;Control de Garant\u00edas de Tunja (rad. &nbsp;15001-4071-001-2020-00044-00), &nbsp;declarada &nbsp;inviable en ambas instancias. &nbsp;<\/p>\n<p>5.- &nbsp;Como &nbsp;colof\u00f3n, se acompa\u00f1ar\u00e1 la determinaci\u00f3n &nbsp;impugnada. &nbsp;<\/p>\n<p>DECISI\u00d3N &nbsp;<\/p>\n<p>En &nbsp;m\u00e9rito de lo expuesto, la Corte Suprema de Justicia, en Sala &nbsp;de Casaci\u00f3n Civil, administrando justicia en nombre de la &nbsp;Rep\u00fablica y por mandato de la Constituci\u00f3n, CONFIRMA &nbsp;la sentencia de primera instancia en la tutela &nbsp;de William Hernando Suarez S\u00e1nchez &nbsp;contra el Juzgado &nbsp;Civil del Circuito de Guateque Boyac\u00e1, &nbsp;la &nbsp;Superintendencia &nbsp;de Servicios P\u00fablicos Domiciliarios, la Secretar\u00eda de &nbsp;Hacienda de Tunja, la Empresa de Energ\u00eda de Boyac\u00e1, las &nbsp;Personer\u00edas y Alcald\u00edas de los municipios de Guateque, &nbsp;Garagoa, la Capilla y Somondoco. &nbsp;<\/p>\n<p>Inf\u00f3rmese &nbsp;por el medio m\u00e1s expedito y rem\u00edtase el expediente a la &nbsp;Corte Constitucional para su eventual revisi\u00f3n. &nbsp;<\/p>\n<p>NOTIF\u00cdQUESE &nbsp;Y C\u00daMPLASE &nbsp;<\/p>\n<p>HILDA &nbsp;GONZ\u00c1LEZ NEIRA &nbsp;<\/p>\n<p>Presidenta &nbsp;de Sala &nbsp;<\/p>\n<p>\u00c1LVARO &nbsp;FERNANDO GARC\u00cdA RESTREPO &nbsp;<\/p>\n<p>MARTHA &nbsp;PATRICIA GUZMAN \u00c1LVAREZ &nbsp;<\/p>\n<p>AROLDO &nbsp;WILSON QUIROZ MONSALVO &nbsp;<\/p>\n<p>LUIS &nbsp;ALONSO RICO PUERTA &nbsp;<\/p>\n<p>OCTAVIO &nbsp;AUGUSTO TEJEIRO DUQUE &nbsp;<\/p>\n<p>FRANCISCO &nbsp;TERNERA BARRIOS &nbsp;<\/p>\n<p>&nbsp; &nbsp; &nbsp;&nbsp;<\/p>\n<p>\n","protected":false},"excerpt":{"rendered":"<p>STC2304-2022 &nbsp; &nbsp; &nbsp; &nbsp;&nbsp; HILDA &nbsp;GONZ\u00c1LEZ NEIRA &nbsp; Magistrada &nbsp;ponente &nbsp; STC2304-2022 &nbsp; Radicaci\u00f3n &nbsp;n\u00ba 15001-22-13-000-2021-00150-01 &nbsp; (Aprobado en sesi\u00f3n de &nbsp;dos de marzo de dos mil veintid\u00f3s) &nbsp; Bogot\u00e1, &nbsp;D.C., tres &nbsp;(3) de &nbsp;marzo de dos mil veintid\u00f3s (2022). &nbsp; Se &nbsp;dirime la impugnaci\u00f3n del fallo proferido el 13 de diciembre &nbsp;de 2021 [&hellip;]<\/p>\n","protected":false},"author":1,"featured_media":0,"comment_status":"open","ping_status":"open","sticky":false,"template":"","format":"standard","meta":{"footnotes":""},"categories":[47],"tags":[],"class_list":["post-61952","post","type-post","status-publish","format-standard","hentry","category-marzo-2022"],"_links":{"self":[{"href":"https:\/\/www.dmsjuridica.com\/buscador_20179478954\/salacivil\/wp-json\/wp\/v2\/posts\/61952","targetHints":{"allow":["GET"]}}],"collection":[{"href":"https:\/\/www.dmsjuridica.com\/buscador_20179478954\/salacivil\/wp-json\/wp\/v2\/posts"}],"about":[{"href":"https:\/\/www.dmsjuridica.com\/buscador_20179478954\/salacivil\/wp-json\/wp\/v2\/types\/post"}],"author":[{"embeddable":true,"href":"https:\/\/www.dmsjuridica.com\/buscador_20179478954\/salacivil\/wp-json\/wp\/v2\/users\/1"}],"replies":[{"embeddable":true,"href":"https:\/\/www.dmsjuridica.com\/buscador_20179478954\/salacivil\/wp-json\/wp\/v2\/comments?post=61952"}],"version-history":[{"count":0,"href":"https:\/\/www.dmsjuridica.com\/buscador_20179478954\/salacivil\/wp-json\/wp\/v2\/posts\/61952\/revisions"}],"wp:attachment":[{"href":"https:\/\/www.dmsjuridica.com\/buscador_20179478954\/salacivil\/wp-json\/wp\/v2\/media?parent=61952"}],"wp:term":[{"taxonomy":"category","embeddable":true,"href":"https:\/\/www.dmsjuridica.com\/buscador_20179478954\/salacivil\/wp-json\/wp\/v2\/categories?post=61952"},{"taxonomy":"post_tag","embeddable":true,"href":"https:\/\/www.dmsjuridica.com\/buscador_20179478954\/salacivil\/wp-json\/wp\/v2\/tags?post=61952"}],"curies":[{"name":"wp","href":"https:\/\/api.w.org\/{rel}","templated":true}]}}