{"id":63682,"date":"2024-05-20T21:00:18","date_gmt":"2024-05-20T21:00:18","guid":{"rendered":"https:\/\/www.dmsjuridica.com\/buscador_20179478954\/salacivil\/2024\/05\/20\/stc6138-2022\/"},"modified":"2024-05-20T21:00:18","modified_gmt":"2024-05-20T21:00:18","slug":"stc6138-2022","status":"publish","type":"post","link":"https:\/\/www.dmsjuridica.com\/buscador_20179478954\/salacivil\/2024\/05\/20\/stc6138-2022\/","title":{"rendered":"STC6138 2022"},"content":{"rendered":"<p>STC6138-2022<\/p>\n<p>&nbsp; &nbsp; &nbsp; &nbsp;&nbsp;<\/p>\n<p>HILDA &nbsp;GONZ\u00c1LEZ NEIRA &nbsp;<\/p>\n<p>Magistrada &nbsp;ponente &nbsp;<\/p>\n<p>STC6138-2022 &nbsp;<\/p>\n<p>Radicaci\u00f3n &nbsp;n\u00ba 11001-02-04-000-2022-00597-01 &nbsp;<\/p>\n<p>(Aprobado en Sesi\u00f3n de &nbsp;dieciocho de mayo de dos mil veintid\u00f3s) &nbsp;<\/p>\n<p>Bogot\u00e1, &nbsp;D.C., veinte (20) de mayo de dos mil veintid\u00f3s (2022). &nbsp;<\/p>\n<p>Desata &nbsp;la Corte la impugnaci\u00f3n del fallo proferido el 19 de abril de &nbsp;2022 por la Sala &nbsp;de Casaci\u00f3n Penal de la Corte Suprema de Justicia, &nbsp;en la tutela que Jos\u00e9 Antonio Vargas Guzm\u00e1n le &nbsp;instaur\u00f3 a la Sala Penal del Tribunal Superior y al Juzgado &nbsp;Octavo Penal del Circuito con Funciones de Conocimiento, ambos del &nbsp;Distrito Judicial de&nbsp; &nbsp; &nbsp; &nbsp; &nbsp;Bucaramanga, extensiva a los dem\u00e1s &nbsp;intervinientes en el consecutivo 2010-01155. &nbsp;<\/p>\n<p>ANTECEDENTES &nbsp;<\/p>\n<p>1.- &nbsp;El actor reclam\u00f3 la protecci\u00f3n de los derechos al &nbsp;\u00abdebido &nbsp;proceso y defensa material y t\u00e9cnica\u00bb &nbsp;para &nbsp;que &nbsp;se declarara \u00abla &nbsp;nulidad e ineficacia de los actos procesales, incluida la sentencia &nbsp;de condena\u00bb y, &nbsp;en consecuencia, \u00abse &nbsp;conceda la libertad provisional en [su] &nbsp;favor y se determine con certeza que no se tipific\u00f3 el delito &nbsp;por el que [fue] &nbsp;sancionado\u00bb. &nbsp;<\/p>\n<p>De lo documentado &nbsp;en el infolio y lo narrado en el libelo se colige que el Juzgado &nbsp;Octavo Penal del Circuito de Bucaramanga conden\u00f3 al impulsor a &nbsp;ciento seis (106) meses de prisi\u00f3n por el delito de \u00abacto &nbsp;sexual violento en concurso heterog\u00e9neo con incesto\u00bb &nbsp;(23 abr. 2018), veredicto que el superior convalid\u00f3 el 18 de &nbsp;marzo de 2021. &nbsp;<\/p>\n<p>El gestor aleg\u00f3 &nbsp;que, en el curso de ese juicio, se configur\u00f3 la prescripci\u00f3n &nbsp;de la acci\u00f3n penal, porque \u00abel &nbsp;hecho investigado acaeci\u00f3 en el a\u00f1o 2010 y se tiene &nbsp;amplio conocimiento que la sentencia de condena se ejecutori\u00f3 &nbsp;el 18 de marzo de 2021, o sea transcurri\u00f3 11 a\u00f1os &nbsp;ininterrumpidos, sin que se adoptara decisi\u00f3n de fondo\u00bb. &nbsp;<\/p>\n<p>2.- &nbsp;La Sala Penal del Tribunal de Bucaramanga indic\u00f3 que \u00ablas &nbsp;conductas endilgadas no se encontraban prescritas al momento de &nbsp;proferir decisi\u00f3n de segunda instancia atendiendo a que la &nbsp;formulaci\u00f3n de imputaci\u00f3n se surti\u00f3 el 5 de mayo &nbsp;de 2011 ante el Juzgado Segundo Penal Municipal con funciones de &nbsp;conocimiento de Bucaramanga (\u2026) y [conforme] &nbsp;al art\u00edculo 83 de la Ley 599 de 2000 adicionado por el &nbsp;art\u00edculo 1\u00b0 de la ley 1154 de 2007\u00bb &nbsp;y, resalt\u00f3 &nbsp;que \u00abno &nbsp;se agotaron todos los medios de defensa judicial, pues pese a tener &nbsp;la oportunidad, no se present\u00f3 recurso extraordinario de &nbsp;casaci\u00f3n, y contrario a ello pretende el accionante a trav\u00e9s &nbsp;de este mecanismo constitucional presentar sus reproches a la &nbsp;referida providencia que ya cobr\u00f3 ejecutoria hace m\u00e1s &nbsp;de 9 meses\u00bb. &nbsp;<\/p>\n<p>El Juzgado Octavo &nbsp;Penal del Circuito pidi\u00f3 su desvinculaci\u00f3n, en tanto &nbsp;\u00abla &nbsp;decisi\u00f3n de primera y segunda instancia fueron tomadas, sin &nbsp;que acaecer\u00eda el fen\u00f3meno de la prescripci\u00f3n, &nbsp;pues se dieron con anterioridad al 5 de mayo de 2021; de tal suerte &nbsp;que no se present\u00f3 ninguna vulneraci\u00f3n\u00bb. &nbsp;<\/p>\n<p>La Fiscal\u00eda &nbsp;5 del Centro Atenci\u00f3n Integral V\u00edctimas de Abuso Sexual &nbsp;\u2013 Caivas &#8211; de la mencionada urbe narr\u00f3 el rito surtido &nbsp;en la causa denunciada. &nbsp;<\/p>\n<p>Yuly Marcela &nbsp;Vargas Hern\u00e1ndez asegur\u00f3 que \u00abVargas &nbsp;Guzm\u00e1n est\u00e1 diciendo la verdad, en cuanto a que [ella] &nbsp;ten\u00eda 17 a\u00f1os cuando sucedieron los hechos\u00bb. &nbsp;<\/p>\n<p>SENTENCIA DE &nbsp;PRIMER GRADO E IMPUGNACI\u00d3N &nbsp;<\/p>\n<p>1.- &nbsp;El a &nbsp;quo desestim\u00f3 &nbsp;la salvaguarda por no satisfacer el presupuesto de subsidiariedad, &nbsp;debido a que &nbsp;\u00abel &nbsp;accionante no agot\u00f3 los mecanismos id\u00f3neos de defensa &nbsp;para el cumplimiento de sus pretensiones, esto es, no present\u00f3 &nbsp;recurso extraordinario de casaci\u00f3n contra la providencia del &nbsp;16 de marzo de 2021, (\u2026), sin establecer razones suficientes &nbsp;que permitan a la Sala flexibilizar este requisito\u00bb. &nbsp;Adem\u00e1s, &nbsp;asever\u00f3, &nbsp;que \u00abtiene &nbsp;la posibilidad hacer uso de la acci\u00f3n de revisi\u00f3n &nbsp;establecida en el art\u00edculo 192 y subsiguientes de la Ley 906 &nbsp;de 2004\u00bb para &nbsp;ventilar \u00ablas &nbsp;irregularidades\u00bb &nbsp;que afirma &nbsp;\u00abexistieron &nbsp;(\u2026) dentro del proceso penal 2010-01155\u00bb. &nbsp;<\/p>\n<p>2.- &nbsp;El precursor recurri\u00f3, &nbsp;reiterando los argumentos inaugurales, agregando que \u00abpara &nbsp;la data en que se dict\u00f3 la sentencia de segunda instancia por &nbsp;parte del Tribunal Superior de Bucaramanga \u2013 Sala Penal, no &nbsp;tuv[o] &nbsp;conocimiento de esa providencia y cuando [s]e &nbsp;enter\u00f3 de la &nbsp;misma, ya hab\u00eda fenecido el t\u00e9rmino consagrado en los &nbsp;art\u00edculos 180, 181 y 183 de la Ley 906 de 2004, para efecto de &nbsp;interponer el aludido recurso extraordinario de casaci\u00f3n\u00bb. &nbsp;<\/p>\n<p>CONSIDERACIONES &nbsp;<\/p>\n<p>1.- &nbsp;De la evidencia allegada al plenario, muy pronto se advierte el &nbsp;fracaso del resguardo y la consiguiente convalidaci\u00f3n de lo &nbsp;confutado, &nbsp;porque &nbsp;se &nbsp;inobserv\u00f3, sin excusa valida, los requisitos temporal y &nbsp;residual que imperan en esta sui &nbsp;generis &nbsp;justicia. &nbsp;<\/p>\n<p>1.1.- &nbsp;En efecto, entre &nbsp;la fecha de &nbsp;la sentencia que confirm\u00f3 la \u00abdel &nbsp;23 de abril de 2018 por medio de la cual el Juzgado 8 Penal del &nbsp;Circuito de Conocimiento, conden\u00f3 a Jos\u00e9 Antonio Vargas &nbsp;Guzm\u00e1n, por los delitos [ya &nbsp;enunciados]\u00bb &nbsp;(16 mar. 2021) y, &nbsp;la radicaci\u00f3n del medio tuitivo (24 mar. 2022), &nbsp;transcurri\u00f3 un (1) a\u00f1o y ocho (8) d\u00edas, esto es, &nbsp;se super\u00f3 el semestre &nbsp;que tanto esta Corte como la Constitucional han tenido como prudente &nbsp;para ejercer el auxilio. &nbsp;<\/p>\n<p>[e]n punto al requisito de &nbsp;la inmediatez, connatural a esta acci\u00f3n p\u00fablica, &nbsp;precisa se\u00f1alar que as\u00ed como la Constituci\u00f3n &nbsp;Pol\u00edtica, impone al Juzgador el deber de brindar protecci\u00f3n &nbsp;inmediata a los derechos fundamentales, al ciudadano le asiste el &nbsp;deber rec\u00edproco de colaborar para el adecuado funcionamiento &nbsp;de la administraci\u00f3n de justicia (ordinal 7, art\u00edculo &nbsp;95 Superior), en este caso, impetrando oportunamente la solicitud &nbsp;tutelar, pues la &nbsp;demora en el ejercicio de dicha acci\u00f3n constitucional, puede &nbsp;tomarse, ora como s\u00edntoma del car\u00e1cter dudoso de la &nbsp;lesi\u00f3n o puesta en peligro de los derechos fundamentales, o &nbsp;como se\u00f1al de aceptaci\u00f3n a lo resuelto, contrario en &nbsp;todo caso la urgencia, celeridad, eficacia e inmediatez inherente a &nbsp;la lesi\u00f3n o amenaza del derecho fundamental. &nbsp;<\/p>\n<p>Precisamente, en orden a &nbsp;procurar el cumplimiento del memorado requisito, la Sala en &nbsp;reiterados pronunciamientos ha considerado por t\u00e9rmino &nbsp;razonable para la interposici\u00f3n de la acci\u00f3n el de seis &nbsp;meses (Se &nbsp;resalta), STC 29 abr. 2009, rad. 00624-00, reiterada en STC6690-2021 &nbsp;y en la STC1919-2022). &nbsp;<\/p>\n<p>Lo anterior impide &nbsp;examinar el fondo del debate instado, porque si &nbsp;el interesado se demor\u00f3 en interponer la petici\u00f3n &nbsp;supralegal, su descuido per &nbsp;s\u00e9 &nbsp;es suficiente para descartar la presencia de una conducta indebida &nbsp;atribuible al funcionario denunciado y con repercusi\u00f3n directa &nbsp;en los atributos esenciales invocados como soporte de la ayuda. &nbsp;<\/p>\n<p>1.2.- &nbsp;Ahora, si bien en algunos casos se ha superado la falta de tal &nbsp;exigencia, flexibiliz\u00e1ndola, ello solo sucede cuando la &nbsp;dilaci\u00f3n en activar este dispositivo est\u00e1 debidamente &nbsp;\u00abjustificada\u00bb. &nbsp;Al respecto en STC3949-2021 se precis\u00f3: &nbsp;<\/p>\n<p>\u00ab(\u2026) &nbsp;Por otra parte y para facilitar el examen de la razonabilidad del &nbsp;lapso transcurrido entre el momento de la presunta vulneraci\u00f3n &nbsp;del derecho fundamental invocado y el ejercicio de la acci\u00f3n, &nbsp;la Corte ha establecido los siguientes criterios: \u201c(i) si &nbsp;existe un motivo v\u00e1lido para la inactividad de los &nbsp;accionantes; (ii) si la inactividad justificada vulnera el n\u00facleo &nbsp;esencial de los derechos de terceros afectados con la decisi\u00f3n; &nbsp;(iii) si existe un nexo causal entre el ejercicio tard\u00edo de la &nbsp;acci\u00f3n y la vulneraci\u00f3n de los derechos fundamentales &nbsp;del interesado; (iv) si el fundamento de la acci\u00f3n de tutela &nbsp;surgi\u00f3 despu\u00e9s de acaecida la actuaci\u00f3n &nbsp;violatoria de los derechos fundamentales, de cualquier forma en un &nbsp;plazo no muy alejado de la fecha de interposici\u00f3n (\u2026)\u00bb. &nbsp;<\/p>\n<p>Sin embargo, en el &nbsp;sub &nbsp;lite, &nbsp;no acaece ninguna de las hip\u00f3tesis rese\u00f1adas, puesto &nbsp;que el quejoso no mencion\u00f3 alguna circunstancia v\u00e1lida &nbsp;para conjurar su desidia en acudir oportunamente a esta excepcional &nbsp;v\u00eda. &nbsp;<\/p>\n<p>1.3. Sumado &nbsp;a lo precedido, se &nbsp;observa que no fue replicado el fallo de segundo grado, a trav\u00e9s &nbsp;del \u00abrecurso &nbsp;extraordinario de casaci\u00f3n\u00bb, &nbsp;procedente &nbsp;al tenor del art\u00edculo 181 del C\u00f3digo de Procedimiento &nbsp;Penal, para que fuera el juez natural el que estudiara las &nbsp;inconformidades que ahora trae en este sendero especial, &nbsp;circunstancia &nbsp;que ratifica el descuido en el empleo de los medios de defensa &nbsp;ordinarios. &nbsp;<\/p>\n<p>Frente a dicho &nbsp;t\u00f3pico, esta Corporaci\u00f3n ha esgrimido que, &nbsp;<\/p>\n<p>\u00ab(\u2026.) &nbsp;el descuido en el &nbsp;empleo de los medios de protecci\u00f3n que existen hacia el &nbsp;interior de las actuaciones judiciales, impide al juez de tutela &nbsp;interferir los tr\u00e1mites respectivos, pues la justicia &nbsp;constitucional no es remedio de \u00faltimo momento para rescatar &nbsp;oportunidades precluidas o t\u00e9rminos fenecidos, lo que &nbsp;significa que cuando no se utilizan los mecanismos de protecci\u00f3n &nbsp;previstos en el orden jur\u00eddico, las partes quedan vinculadas a &nbsp;las consecuencias de las decisiones que le sean adversas, en tanto el &nbsp;resultado ser\u00eda el fruto de su propia incuria\u00bb. &nbsp;(STC6663-2018, &nbsp;citada en STC762-2021). &nbsp;<\/p>\n<p>Ello, &nbsp;en virtud, a que &nbsp;<\/p>\n<p>\u00ab(\u2026) &nbsp;[e]ste mecanismo, por lo excepcional, am\u00e9n de su naturaleza &nbsp;subsidiaria, no deviene como un recurso alterno o suplementario y su &nbsp;invocaci\u00f3n resulta leg\u00edtima en la medida en que el &nbsp;afectado no cuente con recursos legales para evitar la vulneraci\u00f3n &nbsp;de la que se duele. Contrario a ello, esto es, si existen tales &nbsp;medios surge inane la utilizaci\u00f3n de la tutela; consecuencia &nbsp;similar emerge cuando el interesado teniendo dichos recursos los ha &nbsp;menospreciado o no ha hecho uso de ellos, dado que en tal hip\u00f3tesis &nbsp;culmina invocando su propia negligencia o incuria, lo que no es &nbsp;permitido y menos a trav\u00e9s de la acci\u00f3n constitucional &nbsp;que ocupa la atenci\u00f3n de la Sala\u00bb. &nbsp;(STC7966-2018, &nbsp;STC10541-2018 &nbsp;citada en STC762-2021 y STC095-2022). &nbsp;<\/p>\n<p>2.- &nbsp;Ahora, las &nbsp;manifestaciones del querellante expresadas en la impugnaci\u00f3n, &nbsp;referentes a que \u00abpara &nbsp;la data en que se dict\u00f3 la sentencia de segunda instancia por &nbsp;parte del Tribunal Superior de Bucaramanga \u2013 Sala Penal, no &nbsp;tuv[o] &nbsp;conocimiento de esa providencia y cuando [s]e &nbsp;enter\u00f3 de la &nbsp;misma, ya hab\u00eda fenecido el t\u00e9rmino consagrado en los &nbsp;art\u00edculos 180, 181 y 183 de la Ley 906 de 2004, para efecto de &nbsp;interponer el aludido recurso extraordinario de casaci\u00f3n\u00bb, &nbsp;constituyen alegaciones nuevas no aducidas en el libelo superlativo, &nbsp;de las que no tuvieron conocimiento el a &nbsp;quo &nbsp;constitucional ni los convocados a este tr\u00e1mite, por lo que no &nbsp;pueden ser analizados en esta instancia, ya que afectar\u00eda el &nbsp;\u00abderecho &nbsp;de defensa\u00bb &nbsp;de quienes no pudieron controvertirlas concretamente. &nbsp;<\/p>\n<p>Esta &nbsp;Colegiatura ha predicado sobre dicho t\u00f3pico, que, &nbsp;<\/p>\n<p>3.- &nbsp;Lo consignado, conlleva la convalidaci\u00f3n del fallo fustigado. &nbsp;<\/p>\n<p>DECISI\u00d3N &nbsp;<\/p>\n<p>En &nbsp;m\u00e9rito de lo expuesto, la Corte Suprema de Justicia, en Sala &nbsp;de Casaci\u00f3n Civil, administrando justicia en nombre de la &nbsp;Rep\u00fablica de Colombia y por autoridad de la Constituci\u00f3n, &nbsp;CONFIRMA &nbsp;la &nbsp;sentencia de fecha, naturaleza y procedencia conocidas. &nbsp;<\/p>\n<p>Notif\u00edquese &nbsp;por el medio m\u00e1s expedito a los implicados y rem\u00edtase &nbsp;el expediente a la Corte Constitucional para su eventual revisi\u00f3n. &nbsp;<\/p>\n<p>NOTIF\u00cdQUESE &nbsp;Y C\u00daMPLASE &nbsp;<\/p>\n<p>HILDA &nbsp;GONZ\u00c1LEZ NEIRA &nbsp;<\/p>\n<p>Presidenta &nbsp;de Sala &nbsp;<\/p>\n<p>MARTHA &nbsp;PATRICIA GUZM\u00c1N \u00c1LVAREZ &nbsp;<\/p>\n<p>AROLDO &nbsp;WILSON QUIROZ MONSALVO &nbsp;<\/p>\n<p>LUIS &nbsp;ALONSO RICO PUERTA &nbsp;<\/p>\n<p>OCTAVIO &nbsp;AUGUSTO TEJEIRO DUQUE &nbsp;<\/p>\n<p>FRANCISCO &nbsp;TERNERA BARRIOS &nbsp; &nbsp; &nbsp;<\/p>\n<p>\n","protected":false},"excerpt":{"rendered":"<p>STC6138-2022 &nbsp; &nbsp; &nbsp; &nbsp;&nbsp; HILDA &nbsp;GONZ\u00c1LEZ NEIRA &nbsp; Magistrada &nbsp;ponente &nbsp; STC6138-2022 &nbsp; Radicaci\u00f3n &nbsp;n\u00ba 11001-02-04-000-2022-00597-01 &nbsp; (Aprobado en Sesi\u00f3n de &nbsp;dieciocho de mayo de dos mil veintid\u00f3s) &nbsp; Bogot\u00e1, &nbsp;D.C., veinte (20) de mayo de dos mil veintid\u00f3s (2022). &nbsp; Desata &nbsp;la Corte la impugnaci\u00f3n del fallo proferido el 19 de abril de [&hellip;]<\/p>\n","protected":false},"author":1,"featured_media":0,"comment_status":"open","ping_status":"open","sticky":false,"template":"","format":"standard","meta":{"footnotes":""},"categories":[49],"tags":[],"class_list":["post-63682","post","type-post","status-publish","format-standard","hentry","category-mayo-2022"],"_links":{"self":[{"href":"https:\/\/www.dmsjuridica.com\/buscador_20179478954\/salacivil\/wp-json\/wp\/v2\/posts\/63682","targetHints":{"allow":["GET"]}}],"collection":[{"href":"https:\/\/www.dmsjuridica.com\/buscador_20179478954\/salacivil\/wp-json\/wp\/v2\/posts"}],"about":[{"href":"https:\/\/www.dmsjuridica.com\/buscador_20179478954\/salacivil\/wp-json\/wp\/v2\/types\/post"}],"author":[{"embeddable":true,"href":"https:\/\/www.dmsjuridica.com\/buscador_20179478954\/salacivil\/wp-json\/wp\/v2\/users\/1"}],"replies":[{"embeddable":true,"href":"https:\/\/www.dmsjuridica.com\/buscador_20179478954\/salacivil\/wp-json\/wp\/v2\/comments?post=63682"}],"version-history":[{"count":0,"href":"https:\/\/www.dmsjuridica.com\/buscador_20179478954\/salacivil\/wp-json\/wp\/v2\/posts\/63682\/revisions"}],"wp:attachment":[{"href":"https:\/\/www.dmsjuridica.com\/buscador_20179478954\/salacivil\/wp-json\/wp\/v2\/media?parent=63682"}],"wp:term":[{"taxonomy":"category","embeddable":true,"href":"https:\/\/www.dmsjuridica.com\/buscador_20179478954\/salacivil\/wp-json\/wp\/v2\/categories?post=63682"},{"taxonomy":"post_tag","embeddable":true,"href":"https:\/\/www.dmsjuridica.com\/buscador_20179478954\/salacivil\/wp-json\/wp\/v2\/tags?post=63682"}],"curies":[{"name":"wp","href":"https:\/\/api.w.org\/{rel}","templated":true}]}}