{"id":64390,"date":"2024-05-20T20:59:02","date_gmt":"2024-05-20T20:59:02","guid":{"rendered":"https:\/\/www.dmsjuridica.com\/buscador_20179478954\/salacivil\/2024\/05\/20\/stc7244-2022\/"},"modified":"2024-05-20T20:59:02","modified_gmt":"2024-05-20T20:59:02","slug":"stc7244-2022","status":"publish","type":"post","link":"https:\/\/www.dmsjuridica.com\/buscador_20179478954\/salacivil\/2024\/05\/20\/stc7244-2022\/","title":{"rendered":"STC7244 2022"},"content":{"rendered":"<p>STC7244-2022<\/p>\n<p>&nbsp; &nbsp; &nbsp; &nbsp;&nbsp;<\/p>\n<p>LUIS &nbsp;ALONSO RICO PUERTA &nbsp;<\/p>\n<p>Magistrado &nbsp;Ponente &nbsp;<\/p>\n<p>STC7244-2022 &nbsp;<\/p>\n<p>Radicaci\u00f3n &nbsp;n.\u00b0 &nbsp;11001-02-03-000-2022-01673-00 &nbsp;<\/p>\n<p>(Aprobado &nbsp;en sesi\u00f3n de ocho de junio de dos mil veintid\u00f3s) &nbsp;<\/p>\n<p>Bogot\u00e1 &nbsp;D.C., ocho (08) de junio de dos mil veintid\u00f3s (2022). &nbsp;<\/p>\n<p>Decide &nbsp;la Corte la acci\u00f3n de tutela promovida por &nbsp;Javier Francisco Portillo D\u00edaz contra &nbsp;la &nbsp;Sala Civil Familia Laboral del Tribunal Superior del distrito &nbsp;judicial de Monter\u00eda; &nbsp;tr\u00e1mite &nbsp;al &nbsp;cual fueron vinculados el Juzgado &nbsp;Primero Civil Municipal de esa localidad y &nbsp;los intervinientes &nbsp;en el proceso de insolvencia de persona natural no comerciante n\u00ba &nbsp;2019-00868-00. &nbsp;<\/p>\n<p>1. &nbsp; &nbsp; &nbsp; &nbsp; &nbsp;En nombre propio, el actor reclam\u00f3 la protecci\u00f3n de &nbsp;sus derechos a la igualdad y debido proceso, los cuales estima &nbsp;trasgredidos con el auto de 26 de abril de 2022, mediante el cual el &nbsp;tribunal encartado, al resolver el conflicto de competencia que se &nbsp;suscit\u00f3 entre el Centro de Conciliaci\u00f3n y Arbitraje &nbsp;Fundaci\u00f3n M\u00ednimo Vital y el Juzgado Primero Civil &nbsp;Municipal de Monter\u00eda con motivo del proceso de insolvencia de &nbsp;Rams\u00e9s de Jes\u00fas Farah Buelvas, consider\u00f3 que el &nbsp;asunto deb\u00eda tramitarlo la referida autoridad judicial; &nbsp;determinaci\u00f3n que, en criterio del accionante, desconoce que &nbsp;el promotor del litigio se desempe\u00f1a como comerciante (por lo &nbsp;que el asunto debe conocerlo un juez civil del circuito) y que la &nbsp;colisi\u00f3n de competencias no se tramit\u00f3 con estricto &nbsp;apego al art\u00edculo 139 del C\u00f3digo General del Proceso. &nbsp;<\/p>\n<p>2. &nbsp; &nbsp; &nbsp; &nbsp;En &nbsp;consecuencia, pidi\u00f3 que se deje sin efecto el fustigado &nbsp;prove\u00eddo y se ordene repartir el juicio de insolvencia entre &nbsp;los jueces civiles del circuito de Monter\u00eda, para que se &nbsp;imparta el tr\u00e1mite que legalmente correspondiente. &nbsp;<\/p>\n<p>RESPUESTAS &nbsp;DE LOS ACCIONADOS Y VINCULADOS &nbsp;<\/p>\n<p>1. &nbsp; &nbsp; &nbsp; &nbsp;La &nbsp;magistratura accionada defendi\u00f3 la legalidad de su proceder y &nbsp;dijo remitirse a &nbsp;los fundamentos de la fustigada providencia. &nbsp;<\/p>\n<p>2. &nbsp; &nbsp; &nbsp; &nbsp;Los &nbsp;Juzgados Cuarto Penal Municipal y Cuarto Penal del Circuito de &nbsp;Monter\u00eda, manifestaron que en esos estrados curs\u00f3 una &nbsp;tramitaci\u00f3n de tutela promovida por quien aqu\u00ed acciona &nbsp;y remitieron los datos de identificaci\u00f3n de los all\u00ed &nbsp;vinculados. &nbsp;<\/p>\n<p>CONSIDERACIONES &nbsp;<\/p>\n<p>1. &nbsp; &nbsp; &nbsp; &nbsp; &nbsp;Problema &nbsp;jur\u00eddico. &nbsp;<\/p>\n<p>Corresponde &nbsp;a la Corte establecer si el sustrato f\u00e1ctico de la demanda de &nbsp;tutela involucra la trasgresi\u00f3n de las garant\u00edas &nbsp;fundamentales all\u00ed invocadas. &nbsp;<\/p>\n<p>2. &nbsp; &nbsp;Procedencia de la acci\u00f3n de tutela contra providencias &nbsp;judiciales. &nbsp;<\/p>\n<p>Acorde &nbsp;a los criterios jurisprudenciales de esta Corporaci\u00f3n, se ha &nbsp;dicho y reiterado, en l\u00ednea de principio, que la tutela no &nbsp;procede contra las decisiones o actuaciones jurisdiccionales, toda &nbsp;vez que en aras a mantener inc\u00f3lumes los principios que &nbsp;contemplan los art\u00edculos 228 y 230 de la Carta Magna, al juez &nbsp;constitucional no le es dable inmiscuirse en el escenario de los &nbsp;tr\u00e1mites ordinarios en curso o terminados, para variar las &nbsp;decisiones proferidas o para disponer que lo haga de cierta manera. &nbsp;<\/p>\n<p>Por &nbsp;regla de excepci\u00f3n, se tienen aquellos casos en donde el &nbsp;funcionario ha incurrido en un proceder arbitrario y claramente &nbsp;opuesto a la ley, o ante la ausencia de otro medio efectivo de &nbsp;protecci\u00f3n judicial, eventos que luego de un ponderado estudio &nbsp;tornar\u00edan imperiosa la intervenci\u00f3n del juez de tutela &nbsp;con el fin de restablecer el orden jur\u00eddico. &nbsp;<\/p>\n<p>3. &nbsp; &nbsp; &nbsp; &nbsp; &nbsp; &nbsp;Soluci\u00f3n al caso concreto \u2013 razonabilidad de la &nbsp;decisi\u00f3n. &nbsp;<\/p>\n<p>Al &nbsp;revisar la determinaci\u00f3n sometida a escrutinio de esta Corte, &nbsp;mediante &nbsp;la cual el tribunal resolvi\u00f3 el conflicto de competencia que &nbsp;se suscit\u00f3 en el decurso del proceso de insolvencia sobre el &nbsp;que versa esta actuaci\u00f3n, no &nbsp;logra advertirse la vulneraci\u00f3n de las garant\u00edas &nbsp;fundamentales invocadas, en raz\u00f3n a que tal providencia &nbsp;obedeci\u00f3 a una hermen\u00e9utica respetable de los elementos &nbsp;de juicio que obraban en la foliatura, as\u00ed como a una &nbsp;aplicaci\u00f3n seria y fundamentada de las normas que regulan la &nbsp;materia. &nbsp;<\/p>\n<p>En &nbsp;tal sentido, el tribunal destac\u00f3 lo siguiente: &nbsp;<\/p>\n<p>\u00abarguye &nbsp;el Juez \u2026 que no es competente para conocer de la objeci\u00f3n &nbsp;planteada por cuanto en principio no est\u00e1 conforme con la &nbsp;condici\u00f3n de \u201cno comerciante\u201d asignada al &nbsp;demandante por el Centro de Conciliaci\u00f3n; argumento que no &nbsp;comparte este \u00faltimo. Para los efectos es de resaltar que el &nbsp;art\u00edculo 116 de la Constituci\u00f3n Pol\u00edtica de &nbsp;Colombia consagra: \u201c(\u2026) &nbsp;Los &nbsp;particulares pueden ser investidos transitoriamente de la funci\u00f3n &nbsp;de administrar justicia en &nbsp;la condici\u00f3n de jurados en las causas criminales, &nbsp;conciliadores &nbsp;o &nbsp;en la de \u00e1rbitros habilitados por las partes para proferir &nbsp;fallos en derecho o en equidad, en los t\u00e9rminos que determine &nbsp;la ley\u201d. &nbsp;<\/p>\n<p>Entonces, &nbsp;el conciliador &nbsp;del &nbsp;proceso de insolvencia econ\u00f3mica de persona natural no &nbsp;comerciante ejerce sus funciones conforme lo regula los art\u00edculos &nbsp;531 a 575 el C.G.P., proceso reglamentado adem\u00e1s en el Decreto &nbsp;1069 de 2015. En ese orden, las funciones que ejercen los &nbsp;conciliadores &nbsp;en insolvencia u operadores de insolvencia y &nbsp;la de los jueces civiles municipales son distintas. n efecto, en la &nbsp;etapa de negociaci\u00f3n y convalidaci\u00f3n del acuerdo &nbsp;privado es del resorte del conciliador u operador de insolvencia, &nbsp;mientras que, la etapa de la liquidaci\u00f3n patrimonial &nbsp;corresponde al Juez Civil Municipal del lugar donde se tramita la &nbsp;insolvencia. Ahora bien, para resolver las objeciones que se &nbsp;presenten conforme lo prev\u00e9n los art\u00edculos 534 y 550 &nbsp;del C.G.P. en la etapa de negociaci\u00f3n, estas ser\u00e1n &nbsp;decididas por el Juez Civil Municipal, &nbsp;<\/p>\n<p>as\u00ed &nbsp;mismo la norma consagra que el Juez que conozca de la primera &nbsp;controversia de manera privativa conocer\u00e1 de las &nbsp;subsiguientes. &nbsp;<\/p>\n<p>\u2026 la &nbsp;normativa en cita no atribuye al Juez en modo alguno la facultad de &nbsp;decidir con respecto a la calidad de no comerciante del actor, que es &nbsp;entre otros aspectos el que fija la competencia del asunto en el &nbsp;Centro de Conciliaci\u00f3n, facultad que ostenta el conciliador en &nbsp;insolvencia u operador de insolvencia y en tal virtud as\u00ed lo &nbsp;defini\u00f3 mediante auto de fecha 28 de junio de 2019, en el que &nbsp;consider\u00f3 dentro de sus facultades legales, una vez analizada &nbsp;la informaci\u00f3n y los soportes suministrados en la solicitud de &nbsp;insolvencia verificando el cumplimiento de los supuestos de &nbsp;insolvencia al tenor del art\u00edculo 538 del C.G.P., que el &nbsp;deudor peticionario era una persona natural no comerciante conforme a &nbsp;la prueba documental portada al asunto, para arrimar a la decisi\u00f3n &nbsp;de aceptar e iniciar el proceso de negociaci\u00f3n de deudas &nbsp;conforme a la competencia que le asiste. Corolario, corresponde al &nbsp;Juzgado Primero Civil Municipal de Monter\u00eda conocer del asunto &nbsp;a fin de resolver las objeciones puestas ante \u00e9l de presente\u00bb. &nbsp;<\/p>\n<p>As\u00ed &nbsp;las cosas, no se observa el desafuero jur\u00eddico que se enrostr\u00f3 &nbsp;al fallador encartado. Por &nbsp;el contrario, la providencia criticada se bas\u00f3 en una &nbsp;motivaci\u00f3n que no es producto de la subjetividad o el &nbsp;capricho, por lo que resulta improcedente la intervenci\u00f3n &nbsp;excepcional del juez de tutela, m\u00e1s cuando se tiene claro que &nbsp;no se puede recurrir a esta v\u00eda para imponer al fallador &nbsp;ordinario una particular interpretaci\u00f3n del contexto jur\u00eddico &nbsp;escrutado o un enfoque de la normativa aplicada que coincida con el &nbsp;de las partes, porque es precisamente en ese campo en donde se &nbsp;expresa con mayor fuerza su independencia. &nbsp;<\/p>\n<p>Ciertamente, &nbsp;aunque &nbsp;se discrepara de lo resuelto, no por ello puede abrirse camino la &nbsp;prosperidad de la protecci\u00f3n constitucional, pues para ello es &nbsp;necesario que la fustigada providencia se encuentre afectada por &nbsp;errores superlativos y desprovistos de todo fundamento objetivo, &nbsp;situaci\u00f3n que no ocurre en el sub &nbsp;lite. &nbsp;<\/p>\n<p>Sobre &nbsp;el particular, la Sala ha dicho en precedencia que \u00ab(\u2026) &nbsp;el mecanismo de amparo constitucional no est\u00e1 previsto para &nbsp;desquiciar providencias judiciales con apoyo en la diferencia de &nbsp;opini\u00f3n de aqu\u00e9llos a quienes fueron adversas, obrar en &nbsp;contrario equivaldr\u00eda al desconocimiento de los principios de &nbsp;autonom\u00eda e independencia que inspiran la funci\u00f3n &nbsp;p\u00fablica de administrar justicia y conllevar\u00eda a &nbsp;erosionar el r\u00e9gimen de jurisdicci\u00f3n y competencias &nbsp;previstas en el ordenamiento jur\u00eddico a trav\u00e9s del &nbsp;ejercicio espurio de una facultad constitucional, al que exhorta el &nbsp;promotor de este amparo\u00bb &nbsp;(STC4705-2016). &nbsp;<\/p>\n<p>4. &nbsp; &nbsp; &nbsp; &nbsp;Conclusi\u00f3n. &nbsp;<\/p>\n<p>Se &nbsp;negar\u00e1 la salvaguarda porque la providencia materia de censura &nbsp;fue &nbsp;motivada y lo &nbsp;pretendido por la parte querellante es anteponer su propio criterio &nbsp;al del juzgador de instancia, finalidad que resulta ajena a la acci\u00f3n &nbsp;de tutela. &nbsp;<\/p>\n<p>DECISI\u00d3N &nbsp;<\/p>\n<p>En &nbsp;m\u00e9rito de lo expuesto, la Corte Suprema de Justicia, Sala de &nbsp;Casaci\u00f3n Civil, administrando justicia en nombre de la &nbsp;Rep\u00fablica de Colombia y por autoridad de la ley &nbsp;NIEGA el &nbsp;amparo incoado a trav\u00e9s de la acci\u00f3n de tutela &nbsp;referenciada. &nbsp;<\/p>\n<p>Comun\u00edquese &nbsp;lo aqu\u00ed resuelto a las partes por el medio m\u00e1s expedito &nbsp;y, en caso de no ser impugnado el fallo, rem\u00edtanse las &nbsp;presentes diligencias a la Corte Constitucional para lo de su cargo. &nbsp;<\/p>\n<p>HILDA &nbsp;GONZ\u00c1LEZ NEIRA &nbsp;<\/p>\n<p>Presidente &nbsp;de Sala &nbsp;<\/p>\n<p>MARTHA &nbsp;PATRICIA GUZM\u00c1N \u00c1LVAREZ &nbsp;<\/p>\n<p>AROLDO &nbsp;WILSON QUIROZ MONSALVO &nbsp;<\/p>\n<p>LUIS &nbsp;ALONSO RICO PUERTA &nbsp;<\/p>\n<p>OCTAVIO &nbsp;AUGUSTO TEJEIRO DUQUE &nbsp;<\/p>\n<p>FRANCISCO &nbsp;TERNERA BARRIOS &nbsp;<\/p>\n<p>&nbsp; &nbsp; &nbsp;&nbsp;<\/p>\n<p>\n","protected":false},"excerpt":{"rendered":"<p>STC7244-2022 &nbsp; &nbsp; &nbsp; &nbsp;&nbsp; LUIS &nbsp;ALONSO RICO PUERTA &nbsp; Magistrado &nbsp;Ponente &nbsp; STC7244-2022 &nbsp; Radicaci\u00f3n &nbsp;n.\u00b0 &nbsp;11001-02-03-000-2022-01673-00 &nbsp; (Aprobado &nbsp;en sesi\u00f3n de ocho de junio de dos mil veintid\u00f3s) &nbsp; Bogot\u00e1 &nbsp;D.C., ocho (08) de junio de dos mil veintid\u00f3s (2022). &nbsp; Decide &nbsp;la Corte la acci\u00f3n de tutela promovida por &nbsp;Javier Francisco Portillo [&hellip;]<\/p>\n","protected":false},"author":1,"featured_media":0,"comment_status":"open","ping_status":"open","sticky":false,"template":"","format":"standard","meta":{"footnotes":""},"categories":[50],"tags":[],"class_list":["post-64390","post","type-post","status-publish","format-standard","hentry","category-junio-2022"],"_links":{"self":[{"href":"https:\/\/www.dmsjuridica.com\/buscador_20179478954\/salacivil\/wp-json\/wp\/v2\/posts\/64390","targetHints":{"allow":["GET"]}}],"collection":[{"href":"https:\/\/www.dmsjuridica.com\/buscador_20179478954\/salacivil\/wp-json\/wp\/v2\/posts"}],"about":[{"href":"https:\/\/www.dmsjuridica.com\/buscador_20179478954\/salacivil\/wp-json\/wp\/v2\/types\/post"}],"author":[{"embeddable":true,"href":"https:\/\/www.dmsjuridica.com\/buscador_20179478954\/salacivil\/wp-json\/wp\/v2\/users\/1"}],"replies":[{"embeddable":true,"href":"https:\/\/www.dmsjuridica.com\/buscador_20179478954\/salacivil\/wp-json\/wp\/v2\/comments?post=64390"}],"version-history":[{"count":0,"href":"https:\/\/www.dmsjuridica.com\/buscador_20179478954\/salacivil\/wp-json\/wp\/v2\/posts\/64390\/revisions"}],"wp:attachment":[{"href":"https:\/\/www.dmsjuridica.com\/buscador_20179478954\/salacivil\/wp-json\/wp\/v2\/media?parent=64390"}],"wp:term":[{"taxonomy":"category","embeddable":true,"href":"https:\/\/www.dmsjuridica.com\/buscador_20179478954\/salacivil\/wp-json\/wp\/v2\/categories?post=64390"},{"taxonomy":"post_tag","embeddable":true,"href":"https:\/\/www.dmsjuridica.com\/buscador_20179478954\/salacivil\/wp-json\/wp\/v2\/tags?post=64390"}],"curies":[{"name":"wp","href":"https:\/\/api.w.org\/{rel}","templated":true}]}}