{"id":64584,"date":"2024-05-20T20:59:10","date_gmt":"2024-05-20T20:59:10","guid":{"rendered":"https:\/\/www.dmsjuridica.com\/buscador_20179478954\/salacivil\/2024\/05\/20\/stc7640-2022\/"},"modified":"2024-05-20T20:59:10","modified_gmt":"2024-05-20T20:59:10","slug":"stc7640-2022","status":"publish","type":"post","link":"https:\/\/www.dmsjuridica.com\/buscador_20179478954\/salacivil\/2024\/05\/20\/stc7640-2022\/","title":{"rendered":"STC7640 2022"},"content":{"rendered":"<p>STC7640-2022<\/p>\n<p>&nbsp; &nbsp; &nbsp; &nbsp;&nbsp;<\/p>\n<p>LUIS &nbsp;ALONSO RICO PUERTA &nbsp;<\/p>\n<p>Magistrado &nbsp;ponente &nbsp;<\/p>\n<p>STC7640-2022 &nbsp;<\/p>\n<p>Radicaci\u00f3n &nbsp;n.\u00ba 73001-22-13-000-2022-00146-01 &nbsp;<\/p>\n<p>(Aprobado &nbsp;en sesi\u00f3n del quince de junio de dos mil veintid\u00f3s) &nbsp;<\/p>\n<p>Bogot\u00e1, &nbsp;D. C, quince (15) de junio de dos mil veintid\u00f3s (2022). &nbsp;<\/p>\n<p>Decide &nbsp;la Corte la impugnaci\u00f3n formulada frente al fallo proferido &nbsp;por la Sala &nbsp;Civil Familia del Tribunal Superior de Ibagu\u00e9 el &nbsp;pasado 17 de mayo, dentro de la acci\u00f3n de tutela promovida por &nbsp;\u00c9ver &nbsp;Cuenca Morales &nbsp;contra la Comisi\u00f3n &nbsp;Seccional de Disciplina Judicial del Tolima, &nbsp;tr\u00e1mite al cual fue vinculado el profesional del derecho sobre &nbsp;el que recay\u00f3 el proceso disciplinario 2019-00701. &nbsp;<\/p>\n<p>ANTECEDENTES &nbsp;<\/p>\n<p>2. &nbsp; &nbsp; &nbsp; &nbsp;Dice &nbsp;que formul\u00f3 queja disciplinaria contra el abogado \u00c9der &nbsp;Salda\u00f1a Vergara \u00abpor &nbsp;faltas contenidas en el numeral 4\u00ba del art\u00edculo 30 en &nbsp;armon\u00eda con el numeral 4\u00ba del art\u00edculo 33 de la &nbsp;ley 1123 de 2007, deberes y compromisos del abogado contenidos en el &nbsp;C\u00f3digo General del Proceso; a la \u00e9tica y el decoro &nbsp;profesional, entre otros [sic]\u00bb &nbsp;cuyo &nbsp;conocimiento fue asumido por un magistrado de la Comisi\u00f3n &nbsp;Seccional de Disciplina Judicial del Tolima. &nbsp;<\/p>\n<p>Afirma &nbsp;que el funcionario instructor fij\u00f3, en diversas oportunidades, &nbsp;fecha para llevar a cabo audiencia de pruebas y calificaci\u00f3n, &nbsp;d\u00e1ndose inicio a la misma el 18 de enero de 2021 a trav\u00e9s &nbsp;de la plataforma Microsoft &nbsp;Teams, &nbsp;oportunidad en la que \u00absolicit\u00f3 &nbsp;para probar y demostrar la falta de \u00e9tica, decoro y &nbsp;profesionalismo en que hab\u00eda incurrido el togado\u2026 &nbsp;sendas pruebas testimoniales y documentales, entre ellas igualmente &nbsp;audios, donde probar\u00eda y demostrar\u00eda las faltas &nbsp;disciplinarias del mencionado togado [sic]\u00bb; &nbsp;sin embargo, la diligencia no culmin\u00f3 en dicha data, por lo &nbsp;que tuvo que ser reprogramada. &nbsp;<\/p>\n<p>Se\u00f1ala &nbsp;que la continuaci\u00f3n de la vista p\u00fablica se estableci\u00f3 &nbsp;para el \u00abjueves &nbsp;13 de enero de 2022 a las 9:00 a.m., para que se escuchara en &nbsp;interrogatorio al \u00faltimo de [sus] testigos\u00bb &nbsp;pero que la autoridad judicial no le comparti\u00f3 el enlace &nbsp;respectivo a efectos de unirse a la misma a trav\u00e9s de la &nbsp;herramienta tecnol\u00f3gica, situaci\u00f3n que se repiti\u00f3 &nbsp;con la diligencia llevada a cabo el 25 de febrero siguiente en la &nbsp;que, adem\u00e1s, se \u00aborden\u00f3 &nbsp;la terminaci\u00f3n del proceso en favor del abogado\u00bb, &nbsp;decisi\u00f3n notificada en estrados y que no pudo recurrir al no &nbsp;haber sido enterado de la celebraci\u00f3n de la reuni\u00f3n. &nbsp;<\/p>\n<p>3. &nbsp; &nbsp; &nbsp; &nbsp;Considera &nbsp;que la autoridad instructora \u00abdebi\u00f3 &nbsp;notificar[lo] para estar presente en la audiencia\u2026 al &nbsp;celebrarse el d\u00eda 25 de febrero de 2022 a las 11:00 a.m. y &nbsp;notificar[le] de la terminaci\u00f3n del proceso\u2026 por cuanto &nbsp;era una obligaci\u00f3n de proteger a personas, como es el caso de &nbsp;la v\u00edctima donde deb\u00eda de prevalecer la b\u00fasqueda &nbsp;de la verdad material, el cumplimiento de los derechos y garant\u00edas &nbsp;que en \u00e9l se investigaban [SIC]\u00bb; &nbsp;asimismo resalta que \u00abcomo &nbsp;no estuvo presente en dicha audiencia\u00bb el &nbsp;funcionario judicial debi\u00f3 notificarle la decisi\u00f3n de &nbsp;conformidad con \u00abel &nbsp;inciso final del art\u00edculo 105 de la ley 1123 de 2007\u00bb &nbsp;brind\u00e1ndosele &nbsp;la oportunidad de impugnar la decisi\u00f3n adversa a sus &nbsp;intereses. &nbsp;<\/p>\n<p>Por &nbsp;tal motivo solicita \u00abdeclara[r] &nbsp;que las audiencias celebradas los d\u00edas 13 de enero a las 9: AM &nbsp;y 25 de febrero de 2022 a las 11:00 a.m. queden sin efecto alguno &nbsp;[sic]\u00bb. &nbsp;<\/p>\n<p>RESPUESTA &nbsp;DEL ACCIONADO Y VINCULADOS &nbsp;<\/p>\n<p>El &nbsp;magistrado de la Comisi\u00f3n Seccional de Disciplina Judicial del &nbsp;Tolima expres\u00f3 que \u00abuna &nbsp;vez enterado de la existencia de la acci\u00f3n constitucional\u00bb &nbsp;requiri\u00f3 a la secretar\u00eda de esa corporaci\u00f3n a &nbsp;efectos de que se verificara que al quejoso se le hubiera extendido &nbsp;comunicaci\u00f3n respecto de la diligencia a celebrarse el pasado &nbsp;25 de febrero, encontrando que, en efecto, esa dependencia &nbsp;administrativa, por un lapsus &nbsp;calami, &nbsp;no &nbsp;libr\u00f3 mensaje correspondiente al correo electr\u00f3nico del &nbsp;ciudadano\u00bb. &nbsp;<\/p>\n<p>No &nbsp;obstante lo anterior, se\u00f1al\u00f3 que \u00abpara &nbsp;corregir el yerro\u2026 se dispuso en auto del 12 de mayo del &nbsp;corriente a\u00f1o, dejar sin efecto la constancia secretarial de &nbsp;control de t\u00e9rminos y se orden\u00f3 comunicar la decisi\u00f3n &nbsp;de terminaci\u00f3n al se\u00f1or quejoso, inform\u00e1ndole &nbsp;que contra la misma procede el recurso de apelaci\u00f3n\u00bb. &nbsp;<\/p>\n<p>Solicit\u00f3, &nbsp;en consecuencia, la desestimaci\u00f3n del amparo por configurarse &nbsp;un hecho superado, habida consideraci\u00f3n que con la decisi\u00f3n &nbsp;adoptada se restableci\u00f3 el derecho del accionante, al &nbsp;permitirle acceder al recurso ordinario frente a la providencia que &nbsp;dio por culminado el proceso, sin que el hecho de que no se le &nbsp;hubiere notificado la celebraci\u00f3n de la audiencia de 25 de &nbsp;febrero del a\u00f1o en curso pudiese generar la invalidaci\u00f3n &nbsp;de lo actuado por cuanto \u00abel &nbsp;quejoso no es una parte procesal\u00bb, &nbsp;de all\u00ed &nbsp;que no pueda intervenir en las audiencias y su inter\u00e9s &nbsp;jur\u00eddico solo se limite a la posibilidad de impugnar algunas &nbsp;decisiones. &nbsp;<\/p>\n<p>SENTENCIA &nbsp;DE PRIMERA INSTANCIA &nbsp;<\/p>\n<p>El &nbsp;Tribunal Superior de Ibagu\u00e9 consider\u00f3 configurado un &nbsp;defecto procedimental, pues la corporaci\u00f3n disciplinaria &nbsp;omiti\u00f3 convocar al quejoso a la continuaci\u00f3n de la &nbsp;audiencia de calificaci\u00f3n y pruebas celebradas el 13 de enero &nbsp;y el 25 de febrero del a\u00f1o en curso, pese a que el art\u00edculo &nbsp;104 de la Ley 1123 de 2007 dispone que la citaci\u00f3n a dicha &nbsp;persona se torna obligatoria, aun cuando no se le permita intervenir &nbsp;en dicha vista p\u00fablica &nbsp;<\/p>\n<p>IMPUGNACI\u00d3N &nbsp;<\/p>\n<p>Discrep\u00f3 &nbsp;de la anterior determinaci\u00f3n el magistrado querellado, &nbsp;insistiendo en que la lesi\u00f3n de las garant\u00edas &nbsp;superiores del actor qued\u00f3 conjurada al permit\u00edrsele &nbsp;acceder al recurso de apelaci\u00f3n contra la providencia adversa &nbsp;a sus intereses, siendo esta la \u00fanica actividad procesal que &nbsp;le permite la Ley 1123 de 2007, de la que hizo uso pero que no ha &nbsp;podido tramitarse \u00abpor &nbsp;cuenta de la sentencia de tutela\u00bb. &nbsp;<\/p>\n<p>En &nbsp;efecto, advirti\u00f3, \u00abno &nbsp;se tuvo en cuenta\u2026 que el derecho fundamental al debido &nbsp;proceso que le fue vulnerando al ciudadano por la omisi\u00f3n de &nbsp;las comunicaciones para citar a la audiencia al quejoso\u2026 &nbsp;habida cuenta &nbsp;que el quejoso no es parte en el proceso disciplinario, fue &nbsp;exclusivamente poder recurrir en apelaci\u00f3n la decisi\u00f3n &nbsp;de terminaci\u00f3n adoptada en audiencia\u00bb, &nbsp;luego se tornar\u00eda intrascendente, para el devenir procesal, &nbsp;retrotraer la actuaci\u00f3n hasta el escenario de la continuaci\u00f3n &nbsp;de la audiencia de calificaci\u00f3n y pruebas puesto que \u00abno &nbsp;existe posibilidad alguna de que la presencia del quejoso hubiera &nbsp;podido producir una decisi\u00f3n distinta a la que se tom\u00f3, &nbsp;dado que no &nbsp;puede intervenir activamente en las mismas\u00bb &nbsp;en tanto su actuaci\u00f3n qued\u00f3 satisfecha cuando fue &nbsp;escuchado en ampliaci\u00f3n y ratificaci\u00f3n de la queja. &nbsp;<\/p>\n<p>Ratific\u00f3, &nbsp;en consecuencia, su pedimento de desestimar la salvaguarda por hecho &nbsp;superado comoquiera que \u00abel &nbsp;remedio adoptado por el tribunal no comporta garant\u00eda &nbsp;adicional alguna para el ciudadano, distinta a la que ya se hab\u00eda &nbsp;adoptado\u2026 como forma de subsanar\u00bb &nbsp;el defecto advertido. &nbsp;<\/p>\n<p>CONSIDERACIONES &nbsp;<\/p>\n<p>1. &nbsp; &nbsp; &nbsp; &nbsp;Problema &nbsp;jur\u00eddico &nbsp;<\/p>\n<p>Corresponde &nbsp;a la Corte establecer si la Comisi\u00f3n Seccional de Disciplina &nbsp;Judicial del Tolima lesion\u00f3 las prerrogativas de \u00c9ver &nbsp;Cuenca Morales al no citarlo a las diligencias virtuales celebradas &nbsp;los d\u00edas 13 de enero y 25 de febrero del a\u00f1o en curso, &nbsp;en las que continu\u00f3 y finaliz\u00f3 la audiencia de &nbsp;calificaci\u00f3n y pruebas, con lo que le cercen\u00f3 el &nbsp;derecho de conocer e impugnar la decisi\u00f3n de terminaci\u00f3n &nbsp;del proceso disciplinario instaurado por aquel contra el abogado \u00c9der &nbsp;Salda\u00f1a Vergara. &nbsp;<\/p>\n<p>2. &nbsp; &nbsp; &nbsp; &nbsp;Naturaleza &nbsp;de la acci\u00f3n de tutela &nbsp;<\/p>\n<p>El &nbsp;art\u00edculo 86 de la Constituci\u00f3n Pol\u00edtica consagr\u00f3 &nbsp;este instrumento como un mecanismo extraordinario, preferente, &nbsp;subsidiario y residual para la protecci\u00f3n de los derechos &nbsp;constitucionales fundamentales, ante el menoscabo o la amenaza &nbsp;derivados de acci\u00f3n u omisi\u00f3n atribuible a las &nbsp;autoridades o a los particulares, en las situaciones espec\u00edficamente &nbsp;precisadas en la ley. &nbsp;<\/p>\n<p>Puede &nbsp;suceder que dentro del tr\u00e1mite constitucional cese la &nbsp;vulneraci\u00f3n o la amenaza acusada en el escrito introductorio, &nbsp;respecto de lo cual se ha entendido que si la acci\u00f3n se &nbsp;instituy\u00f3 para garantizar la efectividad de los derechos &nbsp;fundamentales de los ciudadanos, en caso de prosperar, el amparo se &nbsp;debe traducir en una orden encaminada a la protecci\u00f3n actual y &nbsp;cierta de aquellas prerrogativas, la cual se concreta en una conducta &nbsp;positiva; en la intermisi\u00f3n de los hechos causantes de la &nbsp;perturbaci\u00f3n o amenaza; o por v\u00eda de imponer la &nbsp;abstenci\u00f3n de actos transgresores. &nbsp;<\/p>\n<p>Entonces, &nbsp;si &nbsp;desaparecen los supuestos de hecho aducidos, bien porque la conducta &nbsp;violatoria fue corregida, dej\u00f3 de tener vigencia o aplicaci\u00f3n &nbsp;el acto que vulner\u00f3 el derecho, o se realiz\u00f3 la &nbsp;actividad cuya omisi\u00f3n constitu\u00eda desconocimiento del &nbsp;mismo, se itera, &nbsp;pierde motivo el amparo, de ah\u00ed que no tendr\u00eda objeto &nbsp;impartir alguna orden, porque aquella caer\u00eda en el vac\u00edo. &nbsp;<\/p>\n<p>Ante &nbsp;ese panorama, el juez de tutela, una vez constate la superaci\u00f3n &nbsp;del presunto hecho vulnerador, necesariamente le corresponde declarar &nbsp;la improcedencia del resguardo. &nbsp;<\/p>\n<p>3. &nbsp; &nbsp; &nbsp; &nbsp;Caso &nbsp;concreto &nbsp;<\/p>\n<p>Como &nbsp;se advirti\u00f3, la queja de \u00c9ver Cuenca Morales se contrae &nbsp;a que la Comisi\u00f3n Seccional de Disciplina Judicial del Tolima &nbsp;no le inform\u00f3 las fechas en que se llevar\u00eda a cabo la &nbsp;continuaci\u00f3n de la audiencia de calificaci\u00f3n y pruebas &nbsp;ni le extendi\u00f3 invitaciones para conectarse remotamente a &nbsp;ellas, lo que le impidi\u00f3 conocer la decisi\u00f3n de &nbsp;terminaci\u00f3n del proceso disciplinario que promovi\u00f3 en &nbsp;contra del abogado \u00c9der Salda\u00f1a Vergara y, de contera, &nbsp;impugnarla. &nbsp;<\/p>\n<p>Pues &nbsp;bien, a &nbsp;partir de la intervenci\u00f3n que, en estas diligencias y en &nbsp;respuesta al traslado de la tutela, realiz\u00f3 el magistrado &nbsp;convocado, la salvaguarda deviene improcedente, por lo que la &nbsp;decisi\u00f3n impugnada habr\u00e1 de revocarse. &nbsp;<\/p>\n<p>En &nbsp;efecto, en la respuesta allegada, el funcionario manifest\u00f3 que &nbsp;con auto del pasado 12 de mayo, es decir con ocasi\u00f3n del &nbsp;inicio del presente resguardo, dispuso el desarchivo del expediente &nbsp;disciplinario sobre el que versa este resguardo, removi\u00f3 los &nbsp;efectos de la ejecutoria del prove\u00eddo de terminaci\u00f3n de &nbsp;la actuaci\u00f3n y del control de t\u00e9rminos efectuado por la &nbsp;secretar\u00eda de esa corporaci\u00f3n y orden\u00f3 &nbsp;comunicarla al ac\u00e1 actor, a trav\u00e9s de correo &nbsp;electr\u00f3nico, con la advertencia de que, en su contra, proced\u00eda &nbsp;el recurso de apelaci\u00f3n. &nbsp;<\/p>\n<p>Estima &nbsp;la Corte que, le asiste raz\u00f3n al impugnante cuando advierte &nbsp;que la medida correctiva adoptada en el tr\u00e1mite disciplinario &nbsp;se torna suficiente para restablecer los derechos conculcados al &nbsp;actor, pues si bien es cierto la celebraci\u00f3n de la audiencia &nbsp;de calificaci\u00f3n y pruebas le debe ser comunicada al quejoso, &nbsp;en los t\u00e9rminos del art\u00edculo 104 de la Ley 1123 de &nbsp;2007, no le es permitido intervenir en la misma, siendo que las &nbsp;\u00fanicas actividades que puede desarrollar son: formular la &nbsp;queja, ampliarla e impugnar las decisiones que le pongan fin al &nbsp;proceso. &nbsp;<\/p>\n<p>Conforme &nbsp;con ello, la soluci\u00f3n adoptada por el tribunal a &nbsp;quo desatiende &nbsp;los postulados de trascendencia, instrumentalidad y residualidad que &nbsp;gobiernan la declaratoria de las nulidades, habida cuenta que resulta &nbsp;inane, para los efectos del procedimiento disciplinario, retrotraer &nbsp;la actuaci\u00f3n hasta un escenario en el que el actor no podr\u00e1 &nbsp;intervenir, con el fin \u00fanico de que pueda presenciar el &nbsp;desarrollo de la audiencia de calificaci\u00f3n y pruebas, cuando &nbsp;su inter\u00e9s jur\u00eddico, en el estadio procesal en que se &nbsp;encuentra el diligenciamiento, se circunscribe, exclusivamente, a la &nbsp;posibilidad de apelar el auto por medio del cual la comisi\u00f3n &nbsp;accionada dispuso su terminaci\u00f3n, oportunidad ya garantizada, &nbsp;tal cual se advirti\u00f3 precedentemente. &nbsp;<\/p>\n<p>As\u00ed &nbsp;las cosas, queda claro que, en el transcurso de la primera instancia &nbsp;de este tr\u00e1mite constitucional, y en todo caso antes de la &nbsp;emisi\u00f3n del fallo, la autoridad judicial comprometida repar\u00f3 &nbsp;el agravio causado al promotor, configur\u00e1ndose con ello la &nbsp;carencia actual de objeto por hecho superado, &nbsp;por lo que el auxilio ha perdido su raz\u00f3n de ser por &nbsp;sustracci\u00f3n de materia torn\u00e1ndose inane cualquier &nbsp;pronunciamiento del juez de tutela en ese sentido, conforme &nbsp;lo previsto en el art\u00edculo 26 del Decreto 2591 de 1991. &nbsp;<\/p>\n<p>Frente &nbsp;a la figura descrita esta Sala ha dicho \u00ab[S]i &nbsp;la omisi\u00f3n por la cual la persona se queja no existe, o ya ha &nbsp;sido superada, en el sentido que la pretensi\u00f3n erigida en &nbsp;defensa del derecho conculcado est\u00e1 siendo satisfecha o lo ha &nbsp;sido totalmente (\u2026) la tutela pierde su eficacia y raz\u00f3n &nbsp;de ser, por lo que la posible orden que llegase a impartir el juez &nbsp;del amparo carecer\u00eda de sentido\u00bb &nbsp;(CSJ STC, 13 mar. 2009, rad. 00147-01; reiterada en STC, 7 nov. 2012, &nbsp;rad. 02211-01; STC, 5 mar. 2015, rad. 00194-01, y STC11007, 10 ago. &nbsp;2016, rad. 00420-01, entre otras). &nbsp;<\/p>\n<p>Entonces, &nbsp;por no existir una conculcaci\u00f3n actual de derechos &nbsp;fundamentales, de acuerdo con lo decantado, se itera, &nbsp;la tutela deviene improcedente. &nbsp;<\/p>\n<p>4. &nbsp; &nbsp; &nbsp; &nbsp;Conclusi\u00f3n &nbsp;<\/p>\n<p>Se &nbsp;revocar\u00e1 el fallo impugnado para, en su lugar declarar la &nbsp;inviabilidad del resguardo, dado que el &nbsp;hecho que origin\u00f3 la petici\u00f3n de amparo y en el cual se &nbsp;sustent\u00f3 la queja, se encuentra superado, toda vez que antes &nbsp;de resolverse el asunto en primera instancia, la Comisi\u00f3n &nbsp;Seccional de Disciplina Judicial del Tolima restableci\u00f3 los &nbsp;derechos lesionados al actor, al remover la ejecutoria del prove\u00eddo &nbsp;de terminaci\u00f3n del proceso, notific\u00e1rselo a su correo &nbsp;electr\u00f3nico y advertirle que contra el mismo podr\u00eda &nbsp;interponer el recurso de apelaci\u00f3n. &nbsp;<\/p>\n<p>DECISI\u00d3N &nbsp;<\/p>\n<p>En &nbsp;m\u00e9rito de lo expuesto, la Corte Suprema de Justicia, en Sala &nbsp;de Casaci\u00f3n Civil, administrando justicia en nombre de la &nbsp;Rep\u00fablica de Colombia y por autoridad de la ley, REVOCA &nbsp;la &nbsp;sentencia impugnada y en su lugar DECLARA &nbsp;IMPROCEDENTE el &nbsp;amparo invocado. &nbsp;<\/p>\n<p>Comun\u00edquese &nbsp;por un medio expedito lo ac\u00e1 resuelto a las partes y a la sala &nbsp;a &nbsp;quo &nbsp;y, en oportunidad, rem\u00edtase el expediente a la Corte &nbsp;Constitucional para lo de su cargo. &nbsp;<\/p>\n<p>HILDA &nbsp;GONZ\u00c1LEZ NEIRA &nbsp;<\/p>\n<p>Presidente &nbsp;de Sala &nbsp;<\/p>\n<p>MARTHA &nbsp;PATRICIA GUZM\u00c1N \u00c1LVAREZ &nbsp;<\/p>\n<p>AROLDO &nbsp;WILSON QUIROZ MONSALVO &nbsp;<\/p>\n<p>LUIS &nbsp;ALONSO RICO PUERTA &nbsp;<\/p>\n<p>OCTAVIO &nbsp;AUGUSTO TEJEIRO DUQUE &nbsp;<\/p>\n<p>FRANCISCO &nbsp;TERNERA BARRIOS &nbsp;<\/p>\n<p>&nbsp; &nbsp; &nbsp;&nbsp;<\/p>\n<p>\n","protected":false},"excerpt":{"rendered":"<p>STC7640-2022 &nbsp; &nbsp; &nbsp; &nbsp;&nbsp; LUIS &nbsp;ALONSO RICO PUERTA &nbsp; Magistrado &nbsp;ponente &nbsp; STC7640-2022 &nbsp; Radicaci\u00f3n &nbsp;n.\u00ba 73001-22-13-000-2022-00146-01 &nbsp; (Aprobado &nbsp;en sesi\u00f3n del quince de junio de dos mil veintid\u00f3s) &nbsp; Bogot\u00e1, &nbsp;D. C, quince (15) de junio de dos mil veintid\u00f3s (2022). &nbsp; Decide &nbsp;la Corte la impugnaci\u00f3n formulada frente al fallo proferido &nbsp;por [&hellip;]<\/p>\n","protected":false},"author":1,"featured_media":0,"comment_status":"open","ping_status":"open","sticky":false,"template":"","format":"standard","meta":{"footnotes":""},"categories":[50],"tags":[],"class_list":["post-64584","post","type-post","status-publish","format-standard","hentry","category-junio-2022"],"_links":{"self":[{"href":"https:\/\/www.dmsjuridica.com\/buscador_20179478954\/salacivil\/wp-json\/wp\/v2\/posts\/64584","targetHints":{"allow":["GET"]}}],"collection":[{"href":"https:\/\/www.dmsjuridica.com\/buscador_20179478954\/salacivil\/wp-json\/wp\/v2\/posts"}],"about":[{"href":"https:\/\/www.dmsjuridica.com\/buscador_20179478954\/salacivil\/wp-json\/wp\/v2\/types\/post"}],"author":[{"embeddable":true,"href":"https:\/\/www.dmsjuridica.com\/buscador_20179478954\/salacivil\/wp-json\/wp\/v2\/users\/1"}],"replies":[{"embeddable":true,"href":"https:\/\/www.dmsjuridica.com\/buscador_20179478954\/salacivil\/wp-json\/wp\/v2\/comments?post=64584"}],"version-history":[{"count":0,"href":"https:\/\/www.dmsjuridica.com\/buscador_20179478954\/salacivil\/wp-json\/wp\/v2\/posts\/64584\/revisions"}],"wp:attachment":[{"href":"https:\/\/www.dmsjuridica.com\/buscador_20179478954\/salacivil\/wp-json\/wp\/v2\/media?parent=64584"}],"wp:term":[{"taxonomy":"category","embeddable":true,"href":"https:\/\/www.dmsjuridica.com\/buscador_20179478954\/salacivil\/wp-json\/wp\/v2\/categories?post=64584"},{"taxonomy":"post_tag","embeddable":true,"href":"https:\/\/www.dmsjuridica.com\/buscador_20179478954\/salacivil\/wp-json\/wp\/v2\/tags?post=64584"}],"curies":[{"name":"wp","href":"https:\/\/api.w.org\/{rel}","templated":true}]}}