{"id":65411,"date":"2024-05-20T20:58:40","date_gmt":"2024-05-20T20:58:40","guid":{"rendered":"https:\/\/www.dmsjuridica.com\/buscador_20179478954\/salacivil\/2024\/05\/20\/stc9239-2022\/"},"modified":"2024-05-20T20:58:40","modified_gmt":"2024-05-20T20:58:40","slug":"stc9239-2022","status":"publish","type":"post","link":"https:\/\/www.dmsjuridica.com\/buscador_20179478954\/salacivil\/2024\/05\/20\/stc9239-2022\/","title":{"rendered":"STC9239 2022"},"content":{"rendered":"<p>STC9239-2022<\/p>\n<p>&nbsp; &nbsp; &nbsp; &nbsp;&nbsp;<\/p>\n<p>MARTHA &nbsp;PATRICIA GUZM\u00c1N \u00c1LVAREZ &nbsp;<\/p>\n<p>Magistrada &nbsp;ponente &nbsp;<\/p>\n<p>STC9239-2022 &nbsp;<\/p>\n<p>Radicaci\u00f3n &nbsp;n\u00ba 05000-22-21-000-2022-00018-01 &nbsp;<\/p>\n<p>(Aprobado &nbsp;en sesi\u00f3n de diecinueve de julio de dos mil veintid\u00f3s) &nbsp;<\/p>\n<p>Bogot\u00e1, &nbsp;D.C., diecinueve (19) de julio de dos mil veintid\u00f3s (2022). &nbsp;<\/p>\n<p>Decide &nbsp;la Corte la impugnaci\u00f3n de la sentencia proferida por la Sala &nbsp;Civil Especializada en Restituci\u00f3n de Tierras del Tribunal &nbsp;Superior del Distrito Judicial de Antioquia el 13 de junio de 2022, &nbsp;en la acci\u00f3n de tutela promovida por Mar\u00eda Honorata &nbsp;Vargas Cossio, contra la Unidad Administrativa Especial de Gesti\u00f3n &nbsp;de Restituci\u00f3n de Tierras Despojadas -UAEGRTD, y el Juzgado &nbsp;Primero Civil del Circuito Especializado en Restituci\u00f3n de &nbsp;Tierras de Quibd\u00f3, tr\u00e1mite al que fueron citadas las &nbsp;partes e intervinientes en el proceso de restituci\u00f3n de &nbsp;tierras con radicado N\u00ba 27001-31-21-001-2020-00069-00. &nbsp;<\/p>\n<p>ANTECEDENTES &nbsp;<\/p>\n<p>1. &nbsp;La solicitante invoc\u00f3 la &nbsp;protecci\u00f3n de los derechos fundamentales al debido proceso y &nbsp;defensa, &nbsp;presuntamente &nbsp;vulnerados por &nbsp;las autoridades accionadas en el proceso referido. &nbsp;<\/p>\n<p>Para &nbsp;sustentar su queja, expres\u00f3 que es due\u00f1a del lote de &nbsp;terreno denominado Parcela Cinco, ubicado en la vereda &nbsp;\u00abNUEVO &nbsp;ORIENTE, INSPECCI\u00d3N DE POLIC\u00cdA NUEVO ORIENTE, &nbsp;Corregimiento NUEVO ORIENTE, Municipio de Turbo\u00bb &nbsp;Departamento &nbsp;De Antioquia, &nbsp;con &nbsp;matr\u00edcula inmobiliaria N\u00ba 034-52973, el cual le fue &nbsp;adjudicado por el entonces Incora, mediante la resoluci\u00f3n N\u00ba &nbsp;1860 de 31 de diciembre de 1998. &nbsp;<\/p>\n<p>Asegur\u00f3 &nbsp;que ejerci\u00f3 actos de se\u00f1ora y due\u00f1a sobre dicho &nbsp;terreno, trabaj\u00e1ndolo para su subsistencia y la de su familia, &nbsp;hasta que por razones de salud en 2016 tuvo que irse para la ciudad &nbsp;de Medell\u00edn, sin embargo, continu\u00f3 explotando la tierra &nbsp;\u00abcon &nbsp;ganado propio y a utilidad\u00bb, &nbsp;con lo cual mantuvo su arraigo en la regi\u00f3n. &nbsp;<\/p>\n<p>Indic\u00f3 &nbsp;que a su predio ingresaron Norberto y Bilardo Escobar D\u00edaz en &nbsp;abril de 2016 y talaron los \u00e1rboles que ella ten\u00eda &nbsp;sembrados, por lo que impuls\u00f3 acciones policivas para evitar &nbsp;que vendieran la madera, y con posterioridad, se enter\u00f3 de que &nbsp;desde julio de 2015 se estaba adelantando un tr\u00e1mite para &nbsp;\u00abinscribir &nbsp;el predio como abandonado o despojado\u00bb &nbsp;y, &nbsp;luego, tuvo conocimiento que la Unidad Administrativa Especial de &nbsp;Gesti\u00f3n de Restituci\u00f3n de Tierras Despojadas -UAEGRTD- &nbsp;estaba representando a los se\u00f1ores Escobar D\u00edaz para &nbsp;que iniciaran el proceso correspondiente ante el Juzgado Primero &nbsp;Civil del Circuito Especializado en Restituci\u00f3n de Tierras de &nbsp;Quibd\u00f3. &nbsp;<\/p>\n<p>Asever\u00f3 &nbsp;que UAEGRTD no le ha \u00abnotificado &nbsp;el auto admisorio de la demanda que present\u00f3 en [su] &nbsp;contra\u00bb &nbsp;y, aunque esa entidad le inform\u00f3 que le ha enviado algunas &nbsp;comunicaciones a su correo electr\u00f3nico, lo cierto es que &nbsp;cuenta con 80 a\u00f1os de edad no sabe c\u00f3mo \u00abfuncionan &nbsp;esos aparatos\u00bb &nbsp;y su nieta, quien ha revisado su e-mail, &nbsp;le ha indicado que all\u00ed \u00abno &nbsp;hay ning\u00fan acto de comunicaci\u00f3n de la demanda\u00bb &nbsp;<\/p>\n<p>2. &nbsp;Pidi\u00f3, en consecuencia, ordenarles a los accionados &nbsp;\u00abRECOMPONER &nbsp;SU ACTUACI\u00d3N, A FIN DE QUE ME SEAN COMUNICADOS EN DEBIDA FORMA &nbsp;LOS ACTOS ADMINISRATIVOS OMITIDOS Y PUEDA EJERCER EL DERECHO DE &nbsp;DEFENSA E INTERPONGA LOS RECURSOS DE LEY A QUE HAYA LUGAR Y APORTE &nbsp;LAS PRUEBAS RESPECTIVAS\u00bb. &nbsp;(May\u00fascula &nbsp;fija en texto) &nbsp;<\/p>\n<p>3. &nbsp;El Juzgado Primero Civil del Circuito de Apartad\u00f3, en &nbsp;providencia de 1\u00ba de junio de 2022 remiti\u00f3 por &nbsp;competencia, el conocimiento del presente amparo, a la Sala Civil &nbsp;Especializada en Restituci\u00f3n de Tierras del Tribunal Superior &nbsp;del Distrito Judicial de Antioquia, dada la censura propuesta contra &nbsp;el Juzgado Primero Civil del Circuito Especializado en Restituci\u00f3n &nbsp;de Tierras de Quibd\u00f3. &nbsp;<\/p>\n<p>RESPUESTA &nbsp;DE LOS ACCIONADOS Y &nbsp;VINCULADOS &nbsp;<\/p>\n<p>1. &nbsp;El Juzgado Primero Civil del Circuito Especializado en Restituci\u00f3n &nbsp;de Tierras de Quibd\u00f3, se\u00f1al\u00f3 que en auto de 29 &nbsp;de octubre de 2020 orden\u00f3 la vinculaci\u00f3n de la &nbsp;accionante al proceso censurado, impulsado por Beradi Berenice &nbsp;Escobar D\u00edaz, quien act\u00faa en nombre propio y en &nbsp;representaci\u00f3n de sus hermanos Eberto \u00c1ngel Escobar &nbsp;G\u00f3mez, Alex de Jes\u00fas, Manuel Euclides, Urbina del &nbsp;Carmen, Hip\u00f3lito Jos\u00e9, Norberto de Jes\u00fas, Marco &nbsp;Fidel, Emilio Eduardo, Narciso Bilardo, Betty Betilda Escobar D\u00edaz, &nbsp;en su condici\u00f3n de v\u00edctimas de abandono forzado y &nbsp;posterior despojo del inmueble con matr\u00edcula inmobiliaria N\u00ba &nbsp;034-52973 de la Oficina de Registro de Instrumentos P\u00fablicos &nbsp;de Turbo -Antioquia-. &nbsp;<\/p>\n<p>Destac\u00f3, &nbsp;adem\u00e1s, que la UAEGRTD el 4 de mayo de 2021, aport\u00f3 &nbsp;constancias de las notificaciones efectuadas a la peticionaria en su &nbsp;correo electr\u00f3nico, y advirti\u00f3 que no ha lesionado los &nbsp;derechos que reclama y, que, con todo, la tutela es improcedente &nbsp;porque la actora cuenta con la posibilidad de acudir al proceso y &nbsp;ejercer sus derechos. &nbsp;<\/p>\n<p>2. &nbsp;La Oficina de Registro de Instrumentos P\u00fablicos de Turbo &nbsp;-Antioquia- expres\u00f3 que desconoc\u00eda los hechos alegados &nbsp;por la se\u00f1ora Vargas &nbsp;Cossio, &nbsp;no obstante, refiri\u00f3 que en las anotaciones tres y cuatro del &nbsp;folio N\u00ba 034-52973, se inscribi\u00f3 la Resoluci\u00f3n N\u00ba &nbsp;RA01103 de 25 de mayo de 2017, relativa al ingreso del bien al &nbsp;Registro de Tierras Despojadas, y la admisi\u00f3n de la solicitud &nbsp;de restituci\u00f3n de tierras adelantada ante el Juzgado Primero &nbsp;Civil del Circuito Especializado en Restituci\u00f3n de Tierras de &nbsp;Quibd\u00f3, respectivamente, \u00abanotaciones &nbsp;que se encuentran vigentes\u00bb. &nbsp;<\/p>\n<p>3. &nbsp;La Unidad Administrativa Especial de Gesti\u00f3n de Restituci\u00f3n &nbsp;de Tierras Despojadas -UAEGRTD- se opuso a la prosperidad del amparo, &nbsp;por no haber vulnerado las garant\u00edas de la solicitante, pues &nbsp;en la etapa administrativa la enter\u00f3 del tr\u00e1mite &nbsp;surtido a trav\u00e9s del correo que ella misma suministr\u00f3 &nbsp;para el efecto, y afirm\u00f3 que no obstante lo anterior, nunca &nbsp;intervino, pese a contar con los mecanismos correspondientes. &nbsp;<\/p>\n<p>Agreg\u00f3 &nbsp;que tambi\u00e9n se realiz\u00f3 correctamente la notificaci\u00f3n &nbsp;del auto admisorio proferido por el Juzgado Primero Civil del &nbsp;Circuito Especializado en Restituci\u00f3n de Tierras de Quibd\u00f3, &nbsp;y que, al responder una petici\u00f3n elevada por la actora en &nbsp;marzo de 2022, le remiti\u00f3 los soportes pertinentes, por lo que &nbsp;no existe un \u00abhecho &nbsp;vulnerador\u00bb &nbsp;atribuible a esa entidad. &nbsp;<\/p>\n<p>4. &nbsp;La Unidad para la Atenci\u00f3n y Reparaci\u00f3n Integral a las &nbsp;V\u00edctimas advirti\u00f3 no tener injerencia en \u00abel &nbsp;tema expuesto por la accionante (\u2026) &nbsp;[y] &nbsp;tampoco en la decisi\u00f3n expuesta en el proceso judicial\u00bb. &nbsp;<\/p>\n<p>5. &nbsp;La Gobernaci\u00f3n de Antioquia, la Agencia Nacional de &nbsp;Hidrocarburos, la Corporaci\u00f3n para el Desarrollo Sostenible &nbsp;del Urab\u00e1 \u2013Corpourab\u00e1- y la Agencia Nacional de &nbsp;Tierras manifestaron, por separado, su falta de legitimaci\u00f3n &nbsp;en la causa por pasiva, en tanto que las cuestiones alegadas por la &nbsp;accionante no se encuentran dentro de sus competencias. &nbsp;<\/p>\n<p>LA &nbsp;SENTENCIA &nbsp;IMPUGNADA &nbsp;<\/p>\n<p>La &nbsp;Sala Civil Especializada en Restituci\u00f3n de Tierras del &nbsp;Tribunal Superior de Antioquia neg\u00f3 el amparo reclamado por &nbsp;incumplir el requisito de la subsidiariedad, pues, en cuanto a la &nbsp;UAEGRTD, la accionante omiti\u00f3 cuestionar las notificaciones &nbsp;remitidas en el tr\u00e1mite administrativo, no reclam\u00f3 la &nbsp;revocatoria directa de las resoluciones all\u00ed proferidas y, &nbsp;menos, acudi\u00f3 a la jurisdicci\u00f3n contencioso &nbsp;administrativa para censurarlas, y, en cuanto al proceso judicial, &nbsp;se\u00f1al\u00f3 que la peticionaria no ha concurrido al mismo a &nbsp;alegar los supuestos defectos en su notificaci\u00f3n. A\u00f1adi\u00f3 &nbsp;que &nbsp;<\/p>\n<p>\u00absi &nbsp;bien se adujo la se\u00f1ora Vargas Cossio ostenta la edad de 80 &nbsp;a\u00f1os, esa situaci\u00f3n, por s\u00ed sola, no muestra la &nbsp;ineficacia de los mecanismos relatados en los ac\u00e1pites &nbsp;precedentes, los cuales lucen justos y razonados para la protecci\u00f3n &nbsp;de su derecho al debido proceso. &nbsp;<\/p>\n<p>En &nbsp;tanto, junto a ese inter\u00e9s, no aparece alguno otro de talante &nbsp;fundamental, para el cual resulten ineficaces los medios regulares de &nbsp;defensa, ni tampoco que el actuar del Juzgado Primero Civil del &nbsp;Circuito Especializado en Restituci\u00f3n de Tierras de Quibd\u00f3 &nbsp;haya sido tan apartado del ordenamiento para ameritar la intervenci\u00f3n &nbsp;del juez constitucional\u00bb. &nbsp;<\/p>\n<p>LA &nbsp;IMPUGNACI\u00d3N &nbsp;<\/p>\n<p>La &nbsp;formul\u00f3 la accionante con argumentos similares a los expuestos &nbsp;en el escrito de tutela, y adem\u00e1s agreg\u00f3, que al &nbsp;indic\u00e1rsele que no ha concurrido al proceso cuestionado, se &nbsp;\u00abreconoce\u00bb &nbsp;que no lo ha hecho por los errores en la notificaci\u00f3n. &nbsp;<\/p>\n<p>CONSIDERACIONES &nbsp;<\/p>\n<p>1. La &nbsp;acci\u00f3n de tutela consagrada en el art\u00edculo 86 de la &nbsp;Constituci\u00f3n Pol\u00edtica, como mecanismo preferente y &nbsp;sumario, tiene como objetivo proteger los derechos fundamentales de &nbsp;las personas cuando quiera que sean amenazados o vulnerados por la &nbsp;acci\u00f3n u omisi\u00f3n de cualquier autoridad o de un &nbsp;particular -en casos excepcionales- siempre que el afectado acuda &nbsp;oportunamente y no disponga de otro medio de defensa judicial. &nbsp;<\/p>\n<p>2. En &nbsp;el evento que ocupa la atenci\u00f3n de la Sala, revisada la queja &nbsp;y los soportes allegados al tr\u00e1mite, pronto se advierte su &nbsp;improcedencia, tal como lo determin\u00f3 el a &nbsp;quo constitucional, &nbsp;y pasa a indicarse, &nbsp;<\/p>\n<p>2.1 &nbsp;En efecto, la censura interpuesta frente a la Unidad Administrativa &nbsp;Especial de Gesti\u00f3n de Restituci\u00f3n de Tierras &nbsp;Despojadas \u2013UAEGRTD- no puede salir adelante, por la apat\u00eda &nbsp;de la solicitante en el ejercicio de las herramientas de defensa que &nbsp;tuvo a su disposici\u00f3n. &nbsp;<\/p>\n<p>Ciertamente, &nbsp;se encuentra que si bien estuvo enterada del tr\u00e1mite &nbsp;administrativo seguido por esa autoridad \u2013como aqu\u00ed lo &nbsp;acept\u00f3-, no intervino en el mismo para reprochar lo relativo a &nbsp;su enteramiento conforme al art\u00edculo 76 &nbsp;de la Ley 1448 de 2011 o para controvertir los derechos de quienes &nbsp;reclamaron el predio. &nbsp;<\/p>\n<p>Asimismo, &nbsp;si se encontraba inconforme con la Resoluci\u00f3n N\u00ba RA01103 &nbsp;de 25 de mayo de 2017, mediante la cual se dispuso el ingreso del &nbsp;predio con matr\u00edcula N\u00ba 034-52973 al Registro de Tierras &nbsp;Despojadas, bien pudo hacer uso de la nulidad y restablecimiento del &nbsp;derecho contenido en el art\u00edculo 138 de la Ley 1437 de 2011, &nbsp;seg\u00fan lo ha avalado la jurisprudencia constitucional (C.C. &nbsp;Sentencia T-584 de 2017), tr\u00e1mite en el que, incluso, pudo &nbsp;hacer uso de las medidas cautelares que estimara pertinentes a fin de &nbsp;conjurar un posible perjuicio irremediable, con sustento en el &nbsp;art\u00edculo 229 \u00eddem, &nbsp;mecanismos procedentes e id\u00f3neos, conforme lo ha indicado esta &nbsp;Sala en casos similares (STC4174-2021). &nbsp;<\/p>\n<p>2.2 &nbsp;De igual modo, y como se indic\u00f3 en la providencia impugnada, &nbsp;la censura frente a la actividad del &nbsp;Juzgado &nbsp;Primero Civil del Circuito Especializado en Restituci\u00f3n de &nbsp;Tierras de Quibd\u00f3 tampoco tiene vocaci\u00f3n de \u00e9xito &nbsp;por desconocer el presupuesto de la subsidiariedad, en tanto que, &nbsp;revisada la respuesta de esa autoridad en este tr\u00e1mite y las &nbsp;diligencias allegadas, se establece, que la se\u00f1ora Mar\u00eda &nbsp;Honorata Vargas Cossio &nbsp;no ha acudido al proceso reprochado a rebatir la notificaci\u00f3n &nbsp;que del auto admisorio proferido, la &nbsp;UAEGRTD le hizo llegar a su &nbsp;correo electr\u00f3nico. &nbsp;<\/p>\n<p>Este &nbsp;mecanismo residual y subsidiario resulta entonces improcedente frente &nbsp;a los reparos de la accionante, pues cuenta con una herramienta &nbsp;id\u00f3nea de defensa para que el juez natural decida si estuvo o &nbsp;no correctamente notificada, qued\u00e1ndole vedado a esta especial &nbsp;jurisdicci\u00f3n emitir pronunciamientos al respecto, puesto que, &nbsp;como &nbsp;esta Sala lo ha indicado en varias ocasiones, a este mecanismo &nbsp;solamente puede acudirse previo agotamiento de todos los instrumentos &nbsp;de defensa que el ordenamiento jur\u00eddico pone a disposici\u00f3n &nbsp;de los interesados, pues la acci\u00f3n de tutela procede \u00absiempre &nbsp;que el afectado no posea otro medio de defensa judicial para obtener &nbsp;su restablecimiento\u00bb &nbsp;(CSJ STC1399-2021, ver recientemente STC 2968-2022 entre muchas). &nbsp;<\/p>\n<p>2.3 &nbsp;Resta indicar que nada &nbsp;prueba en este tr\u00e1mite, la existencia de un perjuicio &nbsp;irremediable con las caracter\u00edsticas necesarias para abrirle &nbsp;paso al mecanismo, ni siquiera de manera extraordinaria, pues no se &nbsp;acredit\u00f3 la inminente presencia de un menoscabo irreparable ni &nbsp;se \u00abdenota &nbsp;una gravedad y urgencia de tal entidad que conlleve a que se pasen &nbsp;por alto los tr\u00e1mites, procesos y procedimientos establecidos &nbsp;por el legislador\u00bb &nbsp;(CJS STC11816-2018, citada en STC1415-2021, STC16373- 2021 y &nbsp;STC1989-2022). &nbsp;<\/p>\n<p>Debe &nbsp;indicarse, que el hecho de referir la avanzada edad de la actora no &nbsp;comprueba per &nbsp;se el &nbsp;quebranto de sus garant\u00edas y tampoco, que los mecanismos de &nbsp;defensa a su alcance no le permitan la protecci\u00f3n de los &nbsp;intereses que aqu\u00ed invoca, pues como lo ha indicado la Sala en &nbsp;casos similares, \u00abEn &nbsp;relaci\u00f3n con la avanzada edad de la proponente (70 a\u00f1os), &nbsp;aspecto en el que hizo especial \u00e9nfasis, t\u00e9ngase en &nbsp;cuenta que el &nbsp;hecho de que la gestora del amparo sea persona de la tercera edad, en &nbsp;s\u00ed mismo considerado no implica, per se, que deba concederse &nbsp;la salvaguarda invocada\u00bb (CSJ STC1200-2014)\u00bb &nbsp;(CSJ &nbsp;STC4541-2021, reiterada en STC2793-2022, entre otras). &nbsp;<\/p>\n<p>3. &nbsp;En &nbsp;consecuencia, la sentencia impugnada ser\u00e1 confirmada. &nbsp;<\/p>\n<p>DECISI\u00d3N &nbsp;<\/p>\n<p>En m\u00e9rito &nbsp;de lo expuesto, la Corte Suprema de Justicia, en Sala de Casaci\u00f3n &nbsp;Civil, administrando justicia en nombre de la Rep\u00fablica de &nbsp;Colombia y por autoridad de la Ley, CONFIRMA &nbsp;la &nbsp;sentencia de fecha, naturaleza y procedencia conocida. &nbsp;<\/p>\n<p>Notif\u00edquese &nbsp;por el medio m\u00e1s expedito y oportunamente rem\u00edtase el &nbsp;expediente a la Corte Constitucional para su eventual revisi\u00f3n. &nbsp;<\/p>\n<p>NOTIF\u00cdQUESE &nbsp;Y C\u00daMPLASE &nbsp;<\/p>\n<p>HILDA &nbsp;GONZ\u00c1LEZ NEIRA &nbsp;<\/p>\n<p>Presidente &nbsp;de Sala &nbsp;<\/p>\n<p>AROLDO &nbsp;WILSON QUIROZ MONSALVO &nbsp;<\/p>\n<p>(Ausencia &nbsp;justificada) &nbsp;<\/p>\n<p>LUIS &nbsp;ALONSO RICO PUERTA &nbsp;<\/p>\n<p>OCTAVIO &nbsp;AUGUSTO TEJEIRO DUQUE &nbsp;<\/p>\n<p>FRANCISCO &nbsp;TERNERA BARRIOS &nbsp;<\/p>\n<p>&nbsp; &nbsp; &nbsp;&nbsp;<\/p>\n<p>\n","protected":false},"excerpt":{"rendered":"<p>STC9239-2022 &nbsp; &nbsp; &nbsp; &nbsp;&nbsp; MARTHA &nbsp;PATRICIA GUZM\u00c1N \u00c1LVAREZ &nbsp; Magistrada &nbsp;ponente &nbsp; STC9239-2022 &nbsp; Radicaci\u00f3n &nbsp;n\u00ba 05000-22-21-000-2022-00018-01 &nbsp; (Aprobado &nbsp;en sesi\u00f3n de diecinueve de julio de dos mil veintid\u00f3s) &nbsp; Bogot\u00e1, &nbsp;D.C., diecinueve (19) de julio de dos mil veintid\u00f3s (2022). &nbsp; Decide &nbsp;la Corte la impugnaci\u00f3n de la sentencia proferida por la Sala [&hellip;]<\/p>\n","protected":false},"author":1,"featured_media":0,"comment_status":"open","ping_status":"open","sticky":false,"template":"","format":"standard","meta":{"footnotes":""},"categories":[51],"tags":[],"class_list":["post-65411","post","type-post","status-publish","format-standard","hentry","category-julio-2022"],"_links":{"self":[{"href":"https:\/\/www.dmsjuridica.com\/buscador_20179478954\/salacivil\/wp-json\/wp\/v2\/posts\/65411","targetHints":{"allow":["GET"]}}],"collection":[{"href":"https:\/\/www.dmsjuridica.com\/buscador_20179478954\/salacivil\/wp-json\/wp\/v2\/posts"}],"about":[{"href":"https:\/\/www.dmsjuridica.com\/buscador_20179478954\/salacivil\/wp-json\/wp\/v2\/types\/post"}],"author":[{"embeddable":true,"href":"https:\/\/www.dmsjuridica.com\/buscador_20179478954\/salacivil\/wp-json\/wp\/v2\/users\/1"}],"replies":[{"embeddable":true,"href":"https:\/\/www.dmsjuridica.com\/buscador_20179478954\/salacivil\/wp-json\/wp\/v2\/comments?post=65411"}],"version-history":[{"count":0,"href":"https:\/\/www.dmsjuridica.com\/buscador_20179478954\/salacivil\/wp-json\/wp\/v2\/posts\/65411\/revisions"}],"wp:attachment":[{"href":"https:\/\/www.dmsjuridica.com\/buscador_20179478954\/salacivil\/wp-json\/wp\/v2\/media?parent=65411"}],"wp:term":[{"taxonomy":"category","embeddable":true,"href":"https:\/\/www.dmsjuridica.com\/buscador_20179478954\/salacivil\/wp-json\/wp\/v2\/categories?post=65411"},{"taxonomy":"post_tag","embeddable":true,"href":"https:\/\/www.dmsjuridica.com\/buscador_20179478954\/salacivil\/wp-json\/wp\/v2\/tags?post=65411"}],"curies":[{"name":"wp","href":"https:\/\/api.w.org\/{rel}","templated":true}]}}