{"id":82982,"date":"2024-05-30T17:33:19","date_gmt":"2024-05-30T17:33:19","guid":{"rendered":"https:\/\/www.dmsjuridica.com\/buscador_20179478954\/salacivil\/2024\/05\/30\/sc-134-2005-5400131030041988-0333-01\/"},"modified":"2024-05-30T17:33:19","modified_gmt":"2024-05-30T17:33:19","slug":"sc-134-2005-5400131030041988-0333-01","status":"publish","type":"post","link":"https:\/\/www.dmsjuridica.com\/buscador_20179478954\/salacivil\/2024\/05\/30\/sc-134-2005-5400131030041988-0333-01\/","title":{"rendered":"SC 134 2005 [5400131030041988 0333 01]"},"content":{"rendered":"<p>SC-134-2005 [5400131030041988-0333-01]<\/p>\n<p>&nbsp; &nbsp; &nbsp;&nbsp;<\/p>\n<p>CORTE &nbsp; SUPREMA &nbsp; DE &nbsp;JUSTICIA &nbsp;&nbsp;<\/p>\n<p>SALA &nbsp; DE &nbsp; CASACION &nbsp;CIVIL &nbsp;&nbsp;<\/p>\n<p>Magistrado &nbsp;Ponente &nbsp;&nbsp;<\/p>\n<p>Bogot\u00e1, &nbsp;D. &nbsp;C.,&nbsp; &nbsp;Veintisiete &nbsp;(27) de &nbsp;junio de dos mil cinco (2005). &nbsp;&nbsp;<\/p>\n<p>Ref. &nbsp;Expediente &nbsp;No. &nbsp;540013103004-1988-0333-01 &nbsp;&nbsp;<\/p>\n<p>Dec\u00eddese &nbsp;el &nbsp;recurso de casaci\u00f3n formulado &nbsp;por &nbsp;el &nbsp;se\u00f1or Carlos Antonio P\u00e9rez Reyes contra la sentencia proferida por el &nbsp;Tribunal &nbsp;Superior del Distrito Judicial de C\u00facuta, el 19 de diciembre de 2000, &nbsp;en &nbsp;el &nbsp;proceso &nbsp;ordinario &nbsp;por &nbsp;\u00e9l &nbsp;adelantado&nbsp; &nbsp;contra&nbsp; la sociedad &nbsp;Cl\u00ednica Santa Ana S.A. &nbsp;&nbsp;<\/p>\n<p>ANTECEDENTES &nbsp;&nbsp;<\/p>\n<p>1.&nbsp; El actor promovi\u00f3 proceso ordinario &nbsp;con &nbsp;el &nbsp;fin &nbsp;de que se declarara a la demandada civilmente responsable de todos &nbsp;los &nbsp;da\u00f1os causados por privarle del ejercicio profesional en las instalaciones &nbsp;de &nbsp;la Cl\u00ednica Santa Ana S.A. y, consecuencialmente, se la condenara a pagarle, &nbsp;tres &nbsp;mil &nbsp;gramos &nbsp;oro; &nbsp;mil, por concepto de perjuicios morales, otros mil, por &nbsp;subjetivados &nbsp;y &nbsp;los &nbsp;\u00faltimos &nbsp;mil, por fisiol\u00f3gicos, respectivamente, m\u00e1s la &nbsp;suma &nbsp;que &nbsp;se &nbsp;determinara &nbsp;en &nbsp;el &nbsp;curso del litigio por concepto de perjuicios &nbsp;materiales, &nbsp;con la correspondiente correcci\u00f3n monetaria e intereses moratorios &nbsp;mercantiles.&nbsp;&nbsp; &nbsp;&nbsp;<\/p>\n<p>Subsidiariamente, solicit\u00f3 que se declarara &nbsp;que &nbsp;la &nbsp;demandada &nbsp;era &nbsp;responsable &nbsp;de los da\u00f1os sufridos por el socio P\u00e9rez &nbsp;Reyes, &nbsp;quien &nbsp;por &nbsp;delegaci\u00f3n &nbsp;de &nbsp;la &nbsp;Asamblea &nbsp;General &nbsp;por &nbsp;no &nbsp;ser m\u00e9dico &nbsp;especialista &nbsp; tiene &nbsp; la &nbsp; calidad &nbsp;de &nbsp;m\u00e9dico &nbsp;General &nbsp;de &nbsp;Urgencias, &nbsp;y &nbsp;en &nbsp;consecuencia, &nbsp;se le condenara al pago de los perjuicios morales y materiales en &nbsp;la &nbsp;cuant\u00eda &nbsp;que &nbsp;se &nbsp;acreditara &nbsp;en el proceso, m\u00e1s la correcci\u00f3n monetaria, &nbsp;intereses y las costas procesales. &nbsp;&nbsp;<\/p>\n<p>&nbsp; &nbsp;&nbsp;<\/p>\n<p>1. La &nbsp;causa petendi, &nbsp;puede resumirse as\u00ed: &nbsp; &nbsp;&nbsp;<\/p>\n<p>a.&nbsp; &nbsp;El &nbsp;31 &nbsp;de agosto de 1994 el actor &nbsp;adquiri\u00f3 &nbsp;una &nbsp;acci\u00f3n de la sociedad Cl\u00ednica Santa Ana por valor nominal de $ &nbsp;1.535.750.oo &nbsp;&nbsp;<\/p>\n<p>b.&nbsp; &nbsp;La &nbsp;preanotada sociedad es cerrada &nbsp;por &nbsp;cuanto &nbsp;los &nbsp;socios &nbsp;deben &nbsp;ser &nbsp;m\u00e9dicos graduados, legalmente inscritos y &nbsp;especializados en cualquiera de las ramas de la medicina. &nbsp;&nbsp;<\/p>\n<p>c.&nbsp; &nbsp;Hasta &nbsp;el &nbsp;momento en que el actor &nbsp;adquiri\u00f3 &nbsp;la &nbsp;calidad &nbsp;de &nbsp;socio, &nbsp;los turnos en la cl\u00ednica se distribu\u00edan de &nbsp;acuerdo al n\u00famero de socios y a su especialidad. &nbsp;&nbsp;<\/p>\n<p>d.&nbsp; &nbsp;La Asamblea General de la sociedad &nbsp;en &nbsp;sesi\u00f3n &nbsp;del &nbsp;25 &nbsp;de &nbsp;agosto de 1994, con fundamento en el art. 37 L) de los &nbsp;estatutos &nbsp;sociales, &nbsp;deleg\u00f3 &nbsp;en &nbsp;la &nbsp;junta &nbsp;directiva para que decidiera si el &nbsp;demandante &nbsp;y &nbsp;el &nbsp;m\u00e9dico &nbsp;Luis Hern\u00e1ndez Carrasco, no especializados, pod\u00edan &nbsp;continuar prestando sus servicios en urgencias. &nbsp;&nbsp;<\/p>\n<p>e.&nbsp; La Junta directiva mediante acta 331 &nbsp;de &nbsp;30 de agosto de 1994 adopt\u00f3 una decisi\u00f3n intermedia en el sentido de hacer &nbsp;dos &nbsp;turnos &nbsp;por &nbsp;semana &nbsp;\u201cuna &nbsp;ma\u00f1ana o tarde\u201d, sin derecho a hospitalizar &nbsp;pacientes. &nbsp;&nbsp;<\/p>\n<p>f. El 31 de agosto de 1994 el doctor Julio E. &nbsp;Coronel &nbsp; comunic\u00f3 &nbsp;al &nbsp;demandante &nbsp;y &nbsp;a &nbsp;Luis &nbsp;Hern\u00e1ndez &nbsp;Carrasco &nbsp;que&nbsp; &nbsp;cumpliendo &nbsp;con &nbsp;lo acordado en la sesi\u00f3n de agosto 25 de ese a\u00f1o, la Asamblea &nbsp;hab\u00eda &nbsp;aprobado, &nbsp;por &nbsp;mayor\u00eda, &nbsp;no &nbsp;nombrar en el servicio de urgencias de la &nbsp;Cl\u00ednica &nbsp;a &nbsp;socios &nbsp;propietarios de ella y que ellos asumir\u00edan los derechos de &nbsp;los &nbsp;accionistas &nbsp;especialistas &nbsp;actuales y se&nbsp; les permitir\u00eda&nbsp; hacer &nbsp;sus &nbsp;turnos &nbsp;de &nbsp;m\u00e9dicos &nbsp;generales &nbsp;en &nbsp;las &nbsp;instalaciones &nbsp;de &nbsp;Urgencias, que &nbsp;\u201c\u2026este &nbsp;acto &nbsp;de &nbsp;consideraci\u00f3n&nbsp; &nbsp;a &nbsp;los &nbsp;nuevos &nbsp;socios &nbsp;se establece &nbsp;mientras &nbsp; &nbsp; &nbsp;se &nbsp; &nbsp; reglamenta &nbsp; &nbsp; las &nbsp; &nbsp; disposiciones &nbsp; &nbsp; sobre &nbsp; &nbsp; m\u00e9dicos &nbsp;generales\u201d. &nbsp;&nbsp;<\/p>\n<p>g.&nbsp; &nbsp;Hasta la fecha de presentaci\u00f3n de &nbsp;la &nbsp;demanda &nbsp;tal &nbsp;reglamentaci\u00f3n no hab\u00eda sido adoptada, pero contrariando los &nbsp;estatutos, &nbsp;la &nbsp;ley &nbsp;y &nbsp;atentando contra el principio de la igualdad y seguridad &nbsp;jur\u00eddica, &nbsp;la &nbsp;Junta Directiva de la sociedad usurpando funciones, solicit\u00f3 al &nbsp;demandante &nbsp;y al se\u00f1or Luis Hern\u00e1ndez que presentaran renuncia a partir del 15 &nbsp;de &nbsp;septiembre de 1997 como m\u00e9dicos residentes de urgencias, fecha en la que no &nbsp;ser\u00edan programados m\u00e1s turnos. &nbsp;&nbsp;<\/p>\n<p>h.&nbsp;&nbsp;&nbsp; El actor no present\u00f3 la &nbsp;renuncia &nbsp;y &nbsp;en &nbsp;la &nbsp;pr\u00e1ctica se le impidi\u00f3 el ejercicio de la profesi\u00f3n como &nbsp;m\u00e9dico &nbsp;general &nbsp;en &nbsp;la &nbsp;Cl\u00ednica &nbsp;desde &nbsp;la &nbsp;fecha &nbsp;antes citada, as\u00ed como en &nbsp;urgencias, &nbsp;desconoci\u00e9ndose &nbsp;una &nbsp;experiencia de 15 a\u00f1os en la misma Cl\u00ednica, &nbsp;decisi\u00f3n &nbsp;arbitraria &nbsp;que &nbsp;le &nbsp;ha &nbsp;generado &nbsp;un da\u00f1o consecuente de perjuicios &nbsp;morales y materiales. &nbsp;&nbsp;<\/p>\n<p>i.&nbsp; &nbsp;La &nbsp;Junta &nbsp;directiva &nbsp;no &nbsp;pod\u00eda &nbsp;cercenar &nbsp;los &nbsp;derechos &nbsp;del &nbsp;demandante &nbsp;que &nbsp;no &nbsp;ten\u00eda &nbsp;la calidad de m\u00e9dico &nbsp;residente &nbsp; &nbsp;sino &nbsp; &nbsp;de &nbsp; &nbsp;m\u00e9dico &nbsp; &nbsp;general &nbsp; &nbsp;en &nbsp; &nbsp;las &nbsp; &nbsp;instalaciones &nbsp; de &nbsp;urgencias. &nbsp;&nbsp;<\/p>\n<p>j.&nbsp; &nbsp;El m\u00f3vil para tomar la arbitraria &nbsp;decisi\u00f3n &nbsp;se &nbsp;encuentra &nbsp;en una operaci\u00f3n realizada en la Cl\u00ednica a un menor, &nbsp;el &nbsp;18 &nbsp;de &nbsp;julio de 1998, por el demandante en asocio del doctor Juan Sus Slim, &nbsp;omitiendo &nbsp;llamar, &nbsp;como &nbsp;era su obligaci\u00f3n, al doctor Emilio Ram\u00edrez quien se &nbsp;encontraba de turno tal d\u00eda, y por ello &nbsp;&nbsp;<\/p>\n<p>en lugar de haber sido premiado por salvar una &nbsp;vida &nbsp;humana &nbsp;el &nbsp;actor &nbsp;fue castigado, olvidando la demandada que la vida es un &nbsp;bien jur\u00eddico fundamental. &nbsp;&nbsp;<\/p>\n<p>k.&nbsp; &nbsp;El &nbsp;actor &nbsp;solicit\u00f3 a la Asamblea &nbsp;resolver &nbsp;la &nbsp;arbitrariedad pero esta guard\u00f3 silencio y las pol\u00edticas asumidas &nbsp;por &nbsp;el &nbsp;director &nbsp;cient\u00edfico &nbsp;fueron avaladas por los \u00f3rganos de la sociedad, &nbsp;motivo &nbsp;por &nbsp;el &nbsp;cual \u00e9sta debe reparar los perjuicios de toda \u00edndole causados &nbsp;al demandante. &nbsp;&nbsp;<\/p>\n<p>4.&nbsp; &nbsp;La &nbsp;sentencia de primera instancia &nbsp;desestimatoria &nbsp;de &nbsp;las &nbsp;s\u00faplicas &nbsp;de &nbsp;la &nbsp;demanda, &nbsp;fue confirmada&nbsp; en su &nbsp;integridad &nbsp;por &nbsp;el &nbsp;Tribunal Superior de C\u00facuta, mediante la suya calendada el &nbsp;19 &nbsp;de &nbsp;diciembre &nbsp;19 &nbsp;de &nbsp;2000, contra la cual, como se expres\u00f3, el demandante &nbsp;interpuso recurso de casaci\u00f3n. &nbsp;&nbsp;<\/p>\n<p>LA &nbsp; SENTENCIA &nbsp; DEL &nbsp;TRIBUNAL &nbsp;&nbsp;<\/p>\n<p>Despu\u00e9s &nbsp;de referirse a &nbsp;los &nbsp; antecedentes &nbsp; del &nbsp; proceso, &nbsp; a &nbsp;la &nbsp;sentencia &nbsp;del &nbsp;a &nbsp; &nbsp;quo &nbsp;y a los motivos de inconformidad del apelante, el Tribunal afirm\u00f3 &nbsp;que &nbsp;el &nbsp;accionante &nbsp;ten\u00eda el car\u00e1cter de socio de la Cl\u00ednica Santa Ana S.A., &nbsp;lo &nbsp;que &nbsp;le &nbsp;permit\u00eda &nbsp;y &nbsp;legitimaba para incoar la acci\u00f3n, pues adquir\u00eda, de &nbsp;conformidad &nbsp;con &nbsp;el &nbsp;C\u00f3digo &nbsp;de &nbsp;Comercio, por tal circunstancia, los derechos &nbsp;espec\u00edficamente consagrados en tal estatuto.&nbsp; &nbsp;&nbsp;<\/p>\n<p>Sostuvo, a continuaci\u00f3n, &nbsp;que &nbsp;exist\u00edan &nbsp;dos &nbsp;clases &nbsp;de &nbsp;acciones &nbsp;seg\u00fan la legislaci\u00f3n mercantil, las &nbsp;ordinarias &nbsp;y &nbsp;las privilegiadas y que seg\u00fan los estatutos de la cl\u00ednica&nbsp; &nbsp;sus &nbsp;acciones &nbsp;ten\u00edan &nbsp;el segundo car\u00e1cter y por ello recib\u00edan un tratamiento &nbsp;especial. &nbsp;&nbsp;<\/p>\n<p>Aludi\u00f3, &nbsp;entonces, a la &nbsp;consideraci\u00f3n &nbsp;hecha &nbsp;por &nbsp;el juez de primera instancia en el sentido de que el &nbsp;quid &nbsp;del &nbsp;asunto &nbsp;giraba &nbsp;alrededor &nbsp;de la decisi\u00f3n &nbsp;adoptada &nbsp;por &nbsp;la &nbsp;Junta &nbsp;Directiva de la sociedad que, seg\u00fan lo expuesto en la &nbsp;demanda, &nbsp;gener\u00f3 la renuncia y la no programaci\u00f3n de turnos en la Cl\u00ednica, lo &nbsp;que &nbsp;obligaba &nbsp;al &nbsp;demandante &nbsp;a &nbsp;impugnar &nbsp;tal &nbsp;determinaci\u00f3n en los t\u00e9rminos &nbsp;previstos &nbsp;en el art\u00edculo 191 del C\u00f3digo de Comercio, por el tr\u00e1mite previsto &nbsp;en &nbsp;este &nbsp;C\u00f3digo &nbsp;o &nbsp;por &nbsp;el &nbsp;proceso abreviado previsto en el de Procedimiento &nbsp;Civil, &nbsp;que &nbsp;fue &nbsp;uno &nbsp;de los motivos de inconformidad del apelante.&nbsp;&nbsp; &nbsp;&nbsp;<\/p>\n<p>El Tribunal no estuvo de &nbsp;acuerdo &nbsp; con &nbsp; la &nbsp; consideraci\u00f3n &nbsp;del &nbsp;a &nbsp; quo, &nbsp; pues &nbsp;opin\u00f3 &nbsp;que &nbsp;\u201c\u2026 &nbsp;la parte actora no ha formulado demanda por impugnaci\u00f3n de &nbsp;actos &nbsp;de &nbsp;asamblea ni de junta directiva, por cuanto considera la actuaci\u00f3n de &nbsp;la &nbsp;junta &nbsp;directiva &nbsp;como &nbsp;un &nbsp;acto &nbsp;ineficaz &nbsp;y &nbsp;por &nbsp;ende, &nbsp;no susceptible de &nbsp;impugnaci\u00f3n &nbsp;dado &nbsp;el &nbsp;car\u00e1cter &nbsp;de &nbsp;inoponible &nbsp;que &nbsp;lo &nbsp;acompa\u00f1a\u201d &nbsp;y &nbsp;que &nbsp;\u201c\u2026ac\u00e1 &nbsp;busca &nbsp;es obtener la indemnizaci\u00f3n por los perjuicios causados a la &nbsp;parte &nbsp; demandante, &nbsp; tanto &nbsp; materiales &nbsp;como &nbsp;morales &nbsp;y &nbsp;dem\u00e1s &nbsp;pretensiones &nbsp;se\u00f1aladas al presentar la demanda\u201d.&nbsp; &nbsp;&nbsp;<\/p>\n<p>Precis\u00f3, &nbsp;a &nbsp;rengl\u00f3n &nbsp;seguido, &nbsp;que si no existe v\u00eda expresa en la ley de procedimiento, no pod\u00eda el &nbsp;interprete &nbsp; acomodar &nbsp; una &nbsp; situaci\u00f3n &nbsp;particular &nbsp;a &nbsp;casos &nbsp;espec\u00edficamente &nbsp;reglados, &nbsp;considerando que la v\u00eda procesal era la abreviada y no la ordinaria, &nbsp;pues &nbsp;s\u00f3lo &nbsp;reciben &nbsp;el &nbsp;tr\u00e1mite &nbsp;de &nbsp;aquella los procesos se\u00f1alados en forma &nbsp;expresa, &nbsp;y &nbsp;el &nbsp;promovido por el demandante&nbsp; no se encontraba enlistado en &nbsp;el c. de p.c. &nbsp;&nbsp;<\/p>\n<p>Abord\u00f3 luego el estudio &nbsp;de &nbsp;la indemnizaci\u00f3n de perjuicios solicitada, cit\u00f3 la definici\u00f3n de un autor &nbsp;y &nbsp;afirm\u00f3 &nbsp;que aquella \u201c\u2026 abarca no s\u00f3lo lo dejado de percibir ya causado, &nbsp;sino &nbsp;lo &nbsp;que &nbsp;medianamente &nbsp;podr\u00eda haber percibido por lo dejado de hacer o el &nbsp;da\u00f1o &nbsp;en &nbsp;s\u00ed\u201d &nbsp;y &nbsp;que &nbsp;\u201cPara poder cuantificar unos perjuicios menester es &nbsp;entrar &nbsp;a &nbsp;analizar &nbsp;si &nbsp;efectivamente &nbsp;se &nbsp;dan &nbsp;los elementos estructurales del &nbsp;mismo, &nbsp;esto &nbsp;es, &nbsp;determinar &nbsp;de &nbsp;manera &nbsp;efectiva &nbsp;si &nbsp;se dan esas condiciones &nbsp;necesarias para su prosperidad\u201d. &nbsp;&nbsp;<\/p>\n<p>Enfatiz\u00f3 &nbsp; que &nbsp; los &nbsp;elementos &nbsp;propios para la debida estructuraci\u00f3n de la acci\u00f3n, son los sujetos &nbsp;de &nbsp; la &nbsp; misma, &nbsp; la &nbsp;causa &nbsp;petendi &nbsp; &nbsp; y &nbsp; &nbsp; el &nbsp;petitum &nbsp;y &nbsp;que &nbsp;deben &nbsp;estar &nbsp;presentes &nbsp;tambi\u00e9n &nbsp;las &nbsp;denominadas &nbsp;condiciones de la acci\u00f3n que son en el fondo las que la respaldan, &nbsp;le &nbsp;dan &nbsp;la debida estructuraci\u00f3n y son el soporte para edificar una sentencia, &nbsp;citando en su apoyo, una providencia de esta corporaci\u00f3n. &nbsp;&nbsp;<\/p>\n<p>Descendiendo al an\u00e1lisis &nbsp;f\u00e1ctico, &nbsp;expres\u00f3 &nbsp;que era \u201c\u2026 un hecho cierto y evidente que el demandante &nbsp;estaba &nbsp;autorizado a prestar su servicio en la Secci\u00f3n de Urgencias, conforme a &nbsp;comunicaci\u00f3n &nbsp;de &nbsp;fecha &nbsp;23 &nbsp;de &nbsp;julio &nbsp;de 1997,&nbsp; as\u00ed como tambi\u00e9n se le &nbsp;solicit\u00f3 &nbsp;la &nbsp;renuncia, &nbsp;por &nbsp;cuanto, &nbsp;seg\u00fan &nbsp;disposici\u00f3n &nbsp;de &nbsp;la Cl\u00ednica no &nbsp;pod\u00edan &nbsp;permanecer &nbsp;m\u00e1s &nbsp;de dos (2) a\u00f1os en la Secci\u00f3n de Urgencias\u201d y que &nbsp;\u201cEstos &nbsp;puntos &nbsp;evidentemente &nbsp;no &nbsp;admiten discusi\u00f3n, lo importante es probar &nbsp;que se le caus\u00f3 un perjuicio\u201d. &nbsp;&nbsp;<\/p>\n<p>Afirm\u00f3, entonces, que de la lectura \u201c\u2026de &nbsp;las &nbsp;actas y de la comunicaci\u00f3n donde se le pide la renuncia no se establece en &nbsp;momento &nbsp;alguno, &nbsp;que &nbsp;se &nbsp;le haya prohibido ejercer su profesi\u00f3n de m\u00e9dico en &nbsp;esta &nbsp;instituci\u00f3n\u201d, que en \u201c..derecho no basta la simple afirmaci\u00f3n de los &nbsp;supuestos &nbsp;que sirven de soporte a la demanda, sino que conforme al principio de &nbsp;la &nbsp;carga &nbsp;de &nbsp;la &nbsp;prueba &nbsp;debe &nbsp;demostrar &nbsp;el &nbsp;interesado &nbsp;la &nbsp;veracidad de sus &nbsp;afirmaciones\u201d, &nbsp;y &nbsp;que &nbsp;\u201c\u2026 &nbsp;no &nbsp;encuentra &nbsp;la &nbsp;Sala aspecto probatorio que &nbsp;afirme &nbsp; lo &nbsp; expuesto &nbsp; por &nbsp;el &nbsp;accionante\u2026.por &nbsp;el &nbsp;contrario &nbsp;las &nbsp;pruebas &nbsp;testimoniales &nbsp;nos &nbsp;hablan de que era una persona muy &nbsp;querida &nbsp; en &nbsp; la &nbsp; instituci\u00f3n &nbsp; y &nbsp; que &nbsp;goza &nbsp;de &nbsp;todos &nbsp;sus &nbsp;derechos &nbsp;como &nbsp;asociado\u201d. &nbsp;&nbsp;<\/p>\n<p>Agreg\u00f3 que si la parte interesada no prueba &nbsp;lo &nbsp;afirmado, mal puede esperar que se falle a su favor, y que era necesario que &nbsp;el &nbsp;actor &nbsp;demostrara &nbsp;que efectivamente no se le permiti\u00f3 ingresar pacientes o &nbsp;tratar &nbsp;a &nbsp;quienes &nbsp;cit\u00f3 &nbsp;a &nbsp;la Cl\u00ednica y que en el expediente brillaba por su &nbsp;ausencia prueba alguna en este sentido. &nbsp;&nbsp;<\/p>\n<p>En relaci\u00f3n con la circunstancia alegada por &nbsp;el &nbsp;demandante, en el sentido de haber sido castigado por haber salvado una vida &nbsp;humana, &nbsp;al &nbsp;practicar &nbsp;en &nbsp;asocio &nbsp;del &nbsp;doctor &nbsp;Juan Sus Slim una operaci\u00f3n de &nbsp;urgencia &nbsp;a un menor, consider\u00f3 demostrado que tal hecho gener\u00f3 malestar, pero &nbsp;no &nbsp;que hubiere sido la causa determinante de la salida de los turnos y, adem\u00e1s &nbsp;la prueba testimonial no permit\u00eda deducir tal circunstancia. &nbsp;&nbsp;<\/p>\n<p>&nbsp; &nbsp;&nbsp; &nbsp;&nbsp; &nbsp;&nbsp;Expres\u00f3 &nbsp;que &nbsp;no &nbsp;era &nbsp;la &nbsp;prueba &nbsp;pericial &nbsp;\u201cla raz\u00f3n del fallo &nbsp;indemnizatorio &nbsp;sino &nbsp;la &nbsp;demostraci\u00f3n previa de lo afirmado, de manera tal que &nbsp;si &nbsp;bien &nbsp;est\u00e1n &nbsp;determinados &nbsp;por &nbsp;expertos &nbsp;los presuntos da\u00f1os, lo cierto y &nbsp;b\u00e1sico &nbsp;del &nbsp;caso &nbsp;es &nbsp;que &nbsp;no demostr\u00f3 el interesado que esta hubiere sido la &nbsp;causa &nbsp;de &nbsp;su &nbsp;salida, &nbsp;sino &nbsp;que &nbsp;se &nbsp;trat\u00f3 de la aplicaci\u00f3n de disposiciones &nbsp;reguladoras de la sociedad\u201d (fl. 79). &nbsp;&nbsp;<\/p>\n<p>Expuso,&nbsp; &nbsp;finalmente &nbsp;que los fallos se &nbsp;soportan &nbsp; en &nbsp; las &nbsp;pruebas &nbsp;regular &nbsp;y &nbsp;oportunamente &nbsp;allegadas &nbsp;al &nbsp;proceso, &nbsp;\u201caspecto &nbsp;\u00e9ste &nbsp;que &nbsp;goza de total ausencia\u201d, para lo cual transcribi\u00f3 una &nbsp;sentencia &nbsp;de &nbsp;la &nbsp;Corte &nbsp;sobre &nbsp;la &nbsp;carga &nbsp;probatoria y manifest\u00f3 que como las &nbsp;pretensiones &nbsp;resultaban &nbsp;improsperas, &nbsp;ello &nbsp;imped\u00eda pronunciamiento sobre las &nbsp;excepciones formuladas por la demandada. &nbsp;&nbsp;<\/p>\n<p>LA &nbsp; &nbsp;DEMANDA &nbsp; DE &nbsp;CASACION &nbsp;&nbsp;<\/p>\n<p>Con apoyo en la causal primera prevista en el &nbsp;art\u00edculo &nbsp;368 &nbsp;del C. de P. C. un solo cargo ha sido formulado mediante el cual &nbsp;se &nbsp;acusa &nbsp;la &nbsp;sentencia &nbsp;de &nbsp;ser indirectamente violatoria de los art\u00edculos 28 &nbsp;ordinales &nbsp;5\u00b0 &nbsp;y 6\u00b0, 158, 187 regla 6\u00aa., 188, 190, 196 incisos 1\u00b0 y 3\u00b0, 200 &nbsp;incisos &nbsp;1\u00b0 &nbsp;y &nbsp;3\u00b0, &nbsp;379 &nbsp;inciso 4\u00b0, 381-2\u00aa parte del inciso 1\u00b0, 420 reglas &nbsp;6\u00aa. &nbsp;Y &nbsp;7\u00aa., &nbsp;431 &nbsp;2\u00aa &nbsp;parte, &nbsp;437 &nbsp;1\u00aa &nbsp;parte, &nbsp;822, &nbsp;865, &nbsp;871, &nbsp;884 con la &nbsp;modificaci\u00f3n &nbsp;del &nbsp;art\u00edculo &nbsp;72 de la ley 45 de 1990, del C\u00f3digo de Comercio; &nbsp;11 &nbsp;de &nbsp;la &nbsp;ley 510 de 1999; 63 inciso 2\u00b0, 1603, 1604 2\u00aa parte del inciso 1\u00b0, &nbsp;1610, &nbsp;1613, &nbsp;1614, &nbsp;1615, &nbsp;1616, 1620, 1621, 1622, 2341, 2343, 2347 1\u00aa parte y &nbsp;2356 &nbsp; 1\u00aa &nbsp; parte &nbsp;del &nbsp;C\u00f3digo &nbsp;Civil &nbsp;por &nbsp;falta &nbsp;de &nbsp;aplicaci\u00f3n &nbsp;y &nbsp;de &nbsp;los &nbsp;art\u00edculos&nbsp; &nbsp;99-2\u00aa &nbsp;parte, &nbsp;110 &nbsp;ordinales &nbsp;4\u00b0 &nbsp;y 6\u00b0 inciso 2\u00b0, 384 2\u00aa &nbsp;parte &nbsp;del &nbsp;inciso &nbsp;1\u00b0 &nbsp;y 434 1\u00aa parte del C\u00f3digo de Comercio por aplicaci\u00f3n &nbsp;indebida, &nbsp;como consecuencia de errores evidentes de hecho y de derecho&nbsp; en &nbsp;la apreciaci\u00f3n probatoria. &nbsp;&nbsp;<\/p>\n<p>En &nbsp;desarrollo &nbsp;del cargo, afirm\u00f3 el censor &nbsp;que &nbsp;la &nbsp;sentencia &nbsp;impugnada se encuentra apoyada en dos razones esgrimidas por &nbsp;el &nbsp;Tribunal, a saber: a) que por disposici\u00f3n de la Cl\u00ednica el actor no pod\u00eda &nbsp;permanecer &nbsp;m\u00e1s &nbsp;de &nbsp;dos &nbsp;a\u00f1os &nbsp;en la secci\u00f3n de urgencias y, b) que \u00e9ste no &nbsp;prob\u00f3 &nbsp;que &nbsp;la &nbsp;solicitud &nbsp;de renuncia del cargo se gest\u00f3 en el hecho de haber &nbsp;omitido &nbsp;llamar &nbsp;al cirujano de turno, Dr. Emilio Ram\u00edrez para que interviniera &nbsp;en &nbsp;la &nbsp;operaci\u00f3n quir\u00fargica del paciente Yerson Estupi\u00f1an, razonamientos que &nbsp;en &nbsp;su &nbsp;opini\u00f3n, &nbsp;entra\u00f1an, &nbsp;errores &nbsp;manifiestos &nbsp;en &nbsp;la &nbsp;apreciaci\u00f3n de las &nbsp;pruebas por parte del Tribunal. &nbsp;&nbsp;<\/p>\n<p>En cuanto al primero de ellos, afirm\u00f3 que se &nbsp;err\u00f3 &nbsp;en la valoraci\u00f3n del acta de la Junta Ordinaria de Socios de la Cl\u00ednica &nbsp;Santa &nbsp;Ana Limitada de fecha 21 de agosto de 1992, del proyecto de reglamento de &nbsp;servicios &nbsp;de &nbsp;urgencias &nbsp;de &nbsp;mayo de 1994, de la escritura 3200 de 1993, de las &nbsp;actas &nbsp;de asamblea Nos. 75, 76, 77, 78 y 80 y de Junta Directiva Nos. 374, 375 y &nbsp;382 &nbsp;de &nbsp;21 &nbsp;de &nbsp;agosto, &nbsp;2 &nbsp;de &nbsp;octubre &nbsp;de &nbsp;1997 &nbsp;y&nbsp; 23 de abril de 1998, &nbsp;respectivamente. &nbsp;&nbsp;<\/p>\n<p>Iniciando &nbsp;con &nbsp;el &nbsp;acta &nbsp;de 21 de agosto de &nbsp;1992, &nbsp;expres\u00f3 &nbsp;que &nbsp;s\u00f3lo era aplicable a los residentes de la Cl\u00ednica y no a &nbsp;los &nbsp;m\u00e9dicos &nbsp;que prestan a \u00e9sta sus servicios en la secci\u00f3n de urgencias; de &nbsp;la &nbsp;escritura &nbsp;3200 &nbsp;de &nbsp;28 &nbsp;de &nbsp;julio &nbsp;de &nbsp;1993 &nbsp;se\u00f1al\u00f3 &nbsp;que &nbsp;el ad &nbsp;quem &nbsp;no &nbsp;advirti\u00f3 &nbsp;que &nbsp;por &nbsp;ella se &nbsp;transform\u00f3 &nbsp;la sociedad de responsabilidad Limitada en an\u00f3nima, lo que condujo &nbsp;a &nbsp; &nbsp;aplicar&nbsp; &nbsp; a &nbsp; la &nbsp; entidad &nbsp; transformada &nbsp; los &nbsp; estatutos &nbsp; de &nbsp; la &nbsp;preexistente.&nbsp; &nbsp;&nbsp;<\/p>\n<p>Continu\u00f3, afirmando, que el sentenciador no &nbsp;repar\u00f3 &nbsp;en &nbsp;el contenido de las actas n\u00fameros 75, 76, 77, 80 de la Asamblea de &nbsp;Accionistas, &nbsp;pues en ninguna de las reuniones a que tales actas se refieren, se &nbsp;estableci\u00f3 &nbsp;regulaci\u00f3n &nbsp;semejante &nbsp;ni &nbsp;estipulaci\u00f3n &nbsp;concreta y especial para &nbsp;entender &nbsp;que &nbsp;con &nbsp;ellas se adicionaron los estatutos de la sociedad reformada. &nbsp;Agreg\u00f3 &nbsp;que &nbsp;con &nbsp;el &nbsp;acta 382 de 23 de abril de 1998 de la Junta Directiva, se &nbsp;demuestra &nbsp;que &nbsp;no &nbsp;hubo &nbsp;reforma estatutaria para regular la vida interna de la &nbsp;cl\u00ednica &nbsp;en &nbsp;los servicios de urgencia, menos para indicar que un m\u00e9dico s\u00f3lo &nbsp;pod\u00eda &nbsp;vincularse &nbsp;a &nbsp;esta &nbsp;secci\u00f3n por dos a\u00f1os m\u00e1ximo, con posterioridad a &nbsp;1993 &nbsp;y hasta 1997, pues en tal reuni\u00f3n se ratific\u00f3 el reglamento de urgencias &nbsp;aprobado en la asamblea del 21 de agosto de 1992. &nbsp;&nbsp;<\/p>\n<p>Asever\u00f3 &nbsp;que &nbsp;el Tribunal cometi\u00f3 error de &nbsp;derecho &nbsp;en la apreciaci\u00f3n del acta No. 374 de 21 de agosto de 1997, por cuanto &nbsp;se &nbsp;le &nbsp;dio &nbsp;valor &nbsp;demostrativo &nbsp;pasando &nbsp;por &nbsp;alto &nbsp;que lo all\u00ed decidido, por &nbsp;referirse &nbsp;a &nbsp;la &nbsp;organizaci\u00f3n &nbsp;de &nbsp;la &nbsp;actividad &nbsp;interna &nbsp;de la sociedad, era &nbsp;funci\u00f3n &nbsp;propia &nbsp;de &nbsp;la &nbsp;Asamblea &nbsp;de &nbsp;Accionistas &nbsp;y no de la Junta Directiva. &nbsp;&nbsp;<\/p>\n<p>Por &nbsp;\u00faltimo, &nbsp;endilg\u00f3 al Tribunal error de &nbsp;hecho &nbsp; en &nbsp;la &nbsp;apreciaci\u00f3n &nbsp;del &nbsp;denominado &nbsp;\u201cReglamento &nbsp;del &nbsp;servicios &nbsp;de &nbsp;Urgencias\u201d, &nbsp;afirmando &nbsp;que &nbsp;\u00e9ste cuando menos en las dos primeras copias era &nbsp;un &nbsp;simple &nbsp;\u201cproyecto\u201d inane para decir que, entonces o despu\u00e9s, pero antes &nbsp;de &nbsp;agosto &nbsp;y &nbsp;septiembre &nbsp;de &nbsp;1997 &nbsp;fue &nbsp;adoptado &nbsp;por &nbsp;la &nbsp;Asamblea General de &nbsp;Accionistas &nbsp;como &nbsp;norma &nbsp;de conducta obligatoria para todos los asociados y que &nbsp;la &nbsp;copia &nbsp;acompa\u00f1ada &nbsp;con &nbsp;la contestaci\u00f3n de la demanda, a diferencia de las &nbsp;otras &nbsp; dos, &nbsp; si &nbsp;aparec\u00eda &nbsp;firmada, &nbsp;situaci\u00f3n &nbsp;que &nbsp;resultaba &nbsp;curiosamente &nbsp;sospechosa, &nbsp;productora &nbsp;de &nbsp;duda &nbsp;fundamental &nbsp;y &nbsp;que &nbsp;por &nbsp;lo &nbsp;mismo no pod\u00eda &nbsp;atribuirse a tal documento pleno valor de convicci\u00f3n.&nbsp; &nbsp;&nbsp;<\/p>\n<p>En cuanto tiene que ver con el segundo de los &nbsp;razonamientos &nbsp;en &nbsp;los &nbsp;que &nbsp;se apoy\u00f3 la sentencia del Tribunal, vale decir, no &nbsp;estar &nbsp;demostrado &nbsp;en &nbsp;el proceso que la intervenci\u00f3n quir\u00fargica practicada al &nbsp;paciente &nbsp;Yerson &nbsp;Estupi\u00f1an fue la causa determinante de la desvinculaci\u00f3n del &nbsp;cargo &nbsp;del &nbsp;demandante, &nbsp;el &nbsp;censor &nbsp;expres\u00f3 &nbsp;que &nbsp;constitu\u00eda &nbsp;una afirmaci\u00f3n &nbsp;resultado &nbsp;de &nbsp;graves, &nbsp;manifiestos &nbsp;y &nbsp;trascendentes &nbsp;errores &nbsp;de &nbsp;hecho en que &nbsp;incurri\u00f3 &nbsp;el &nbsp;Tribunal &nbsp;por &nbsp;la &nbsp;absoluta &nbsp;preterici\u00f3n &nbsp;de &nbsp;muchos &nbsp;y variados &nbsp;indicios, &nbsp;que &nbsp;sin &nbsp;esfuerzo &nbsp;mental &nbsp;conducen &nbsp;a &nbsp;afirmar &nbsp;el &nbsp;hecho &nbsp;positivo &nbsp;contrario &nbsp;y por la apreciaci\u00f3n de las confesiones de algunos representantes de &nbsp;la demandada y de las versiones de determinados testigos. &nbsp;&nbsp;<\/p>\n<p>Entre &nbsp;los &nbsp;indicios, se\u00f1al\u00f3, que&nbsp; el &nbsp;Tribunal &nbsp;no advirti\u00f3, que la Cl\u00ednica Santa Ana era privada, se cre\u00f3 como una &nbsp;sociedad &nbsp;cerrada y tuvo como socios fundadores entre otros a los m\u00e9dicos Pablo &nbsp;Emilio &nbsp;Ram\u00edrez &nbsp;y &nbsp;su hijo Emilio Ram\u00edrez G\u00f3mez; que estos ocuparon desde la &nbsp;creaci\u00f3n &nbsp; de &nbsp; la &nbsp; sociedad, &nbsp;muy &nbsp;particularmente &nbsp;el &nbsp;primero, &nbsp;puestos &nbsp;de &nbsp;preeminencia &nbsp;en &nbsp;la &nbsp;organizaci\u00f3n &nbsp;de &nbsp;la &nbsp;sociedad &nbsp;que &nbsp;mantuvieron en forma &nbsp;permanente &nbsp;e &nbsp;inmutable &nbsp;durante &nbsp;los a\u00f1os 1994 a 1998; que tampoco se tuvo en &nbsp;cuenta &nbsp;el &nbsp;ingreso &nbsp;a &nbsp;la &nbsp;sociedad del m\u00e9dico Carlos P\u00e9rez Reyes ocurrido en &nbsp;agosto &nbsp;de &nbsp;1994, &nbsp;ni la reuni\u00f3n celebrada el d\u00eda 30 de ese mes y a\u00f1o, por la &nbsp;Junta &nbsp;Directiva &nbsp;con &nbsp;la &nbsp;participaci\u00f3n activa de Pablo E. Ram\u00edrez Calder\u00f3n, &nbsp;para &nbsp;estudiar &nbsp;el problema que suscit\u00f3 el ingreso a la sociedad como socios de &nbsp;los &nbsp;m\u00e9dicos &nbsp;accionistas generales; ni cay\u00f3 en cuenta, tampoco el Tribunal en &nbsp;que &nbsp;diez &nbsp;d\u00edas &nbsp;despu\u00e9s &nbsp;de haberse realizado la intervenci\u00f3n quir\u00fargica al &nbsp;paciente &nbsp;Estupi\u00f1an, &nbsp;el m\u00e9dico Ram\u00edrez Calder\u00f3n solicit\u00f3 la imposici\u00f3n de &nbsp;sanciones &nbsp;al &nbsp;demandante, &nbsp;petici\u00f3n &nbsp;que &nbsp;no &nbsp;fue &nbsp;atendida &nbsp;por &nbsp;el &nbsp;Director &nbsp;Cient\u00edfico &nbsp;de &nbsp;la &nbsp;Cl\u00ednica, &nbsp;lo &nbsp;que motiv\u00f3 una insultante comunicaci\u00f3n del &nbsp;quejoso, &nbsp;hechos &nbsp;en &nbsp;virtud &nbsp;de &nbsp;los cuales&nbsp;&nbsp;&nbsp;&nbsp;&nbsp;&nbsp; &nbsp;\u2013seg\u00fan &nbsp;el casacionista- &nbsp;no &nbsp;puede &nbsp;\u201cquedar &nbsp;duda &nbsp;alguna\u201d que la desvinculaci\u00f3n del actor tuvo como &nbsp;\u201ccausa &nbsp;\u00fanica y determinante\u201d la intervenci\u00f3n de cirug\u00eda practicada a ese &nbsp;paciente por no haber llamado al cirujano Ram\u00edrez G\u00f3mez. &nbsp;&nbsp;<\/p>\n<p>Aludi\u00f3, a continuaci\u00f3n, a otras pruebas que &nbsp;en &nbsp;su &nbsp;opini\u00f3n fueron inapreciadas por el Tribunal, entre las que destac\u00f3 las &nbsp;declaraciones &nbsp;de &nbsp;Armida &nbsp;Medina &nbsp;Castro, &nbsp;Guillermo &nbsp;Antonio &nbsp;Ar\u00e1mbula Ochoa, &nbsp;Sergio &nbsp;Enrique &nbsp;Urbina &nbsp;Gonz\u00e1lez, Julio Coronel Becerra, Rafael Suz Coury y de &nbsp;Reinaldo&nbsp; &nbsp;Nicol\u00e1s &nbsp;Oma\u00f1a, de las cuales cit\u00f3 los pasajes que consider\u00f3 &nbsp;pertinentes. &nbsp;&nbsp;<\/p>\n<p>Remat\u00f3 &nbsp;su &nbsp;acusaci\u00f3n manifestando que los &nbsp;yerros &nbsp;de &nbsp;apreciaci\u00f3n &nbsp;probatoria &nbsp;llevaron &nbsp;al &nbsp;Tribunal &nbsp;a &nbsp;quebrantar &nbsp;los &nbsp;preceptos &nbsp;legales &nbsp;denunciados, &nbsp;por &nbsp;lo &nbsp;cual solicit\u00f3 se casara la sentencia &nbsp;acusada, &nbsp;y &nbsp;colocada &nbsp;la &nbsp;Corte en sede de instancia, se revocara la de primera &nbsp;instancia &nbsp;y, &nbsp;en &nbsp;su &nbsp;lugar, &nbsp;se &nbsp;condenara &nbsp;a &nbsp;la &nbsp;parte &nbsp;demandada a pagar al &nbsp;demandante &nbsp;el &nbsp;da\u00f1o &nbsp;a este causado, cuya existencia y cuant\u00eda las acreditaba &nbsp;el dictamen pericial rendido en el proceso. &nbsp;&nbsp;<\/p>\n<p>&nbsp;&nbsp;&nbsp; &nbsp;<\/p>\n<p>CONSIDERACIONES &nbsp;&nbsp;<\/p>\n<p>Como &nbsp;qued\u00f3 visto al hacer el resumen de la &nbsp;sentencia &nbsp;del &nbsp;Tribunal, &nbsp;esta &nbsp;se encuentra apuntalada, principalmente, en dos &nbsp;razones &nbsp;medulares: la primera, que la desvinculaci\u00f3n del actor tuvo como causa &nbsp;determinante &nbsp;la &nbsp;aplicaci\u00f3n &nbsp;de disposiciones reguladoras de la sociedad, y la &nbsp;segunda, &nbsp;que &nbsp;no &nbsp;se &nbsp;demostr\u00f3 &nbsp;que &nbsp;la &nbsp;solicitud de renuncia que se le hizo, &nbsp;hubiere &nbsp;obedecido al hecho de haber omitido llamar al cirujano de turno, cuando &nbsp;realiz\u00f3 &nbsp; &nbsp; la &nbsp; &nbsp; intervenci\u00f3n &nbsp; &nbsp; quir\u00fargica &nbsp; &nbsp; del &nbsp; &nbsp; paciente &nbsp; &nbsp;Yerson &nbsp;Estupi\u00f1an. &nbsp;&nbsp;<\/p>\n<p>Para &nbsp;derruir &nbsp;tales &nbsp;argumentos, &nbsp;el \u00fanico &nbsp;cargo &nbsp;formulado &nbsp;se &nbsp;desdobla, &nbsp;para &nbsp;los &nbsp;fines &nbsp;que &nbsp;aqu\u00ed &nbsp;interesan, en dos &nbsp;cap\u00edtulos, &nbsp;identificados con las letras A y B, enderezados cada uno de ellos a &nbsp;refutar, &nbsp; en &nbsp; su &nbsp; orden, &nbsp; los &nbsp;referidos &nbsp;razonamientos &nbsp;en &nbsp;que &nbsp;se &nbsp;apoy\u00f3 &nbsp;promordialmente &nbsp;el &nbsp;fallo impugnado, lo que permite evidenciar que la suerte de &nbsp;la &nbsp;censura, &nbsp;in &nbsp;toto,&nbsp; &nbsp;depende &nbsp;de &nbsp;que &nbsp;ambos &nbsp;se &nbsp;tornen &nbsp;exitosos, &nbsp;pues &nbsp;cada &nbsp;uno de los referidos &nbsp;pilares, &nbsp;por &nbsp;s\u00ed &nbsp;solo, &nbsp;sostiene la providencia del Tribunal, en la medida en &nbsp;que &nbsp;ella &nbsp;se &nbsp;hizo &nbsp;descansar &nbsp;en &nbsp;los mismos, como se anot\u00f3, sin perjuicio de &nbsp;haber &nbsp;enfatizado &nbsp;que &nbsp;\u201c..conforme al principio de la carga de la prueba debe &nbsp;demostrar &nbsp;el &nbsp;interesado &nbsp;la &nbsp;veracidad &nbsp;de sus afirmaciones\u201d, por manera que &nbsp;\u201c\u2026si &nbsp;la &nbsp;parte &nbsp;interesada &nbsp;no prueba lo afirmado, mal puede esperar que se &nbsp;falle a su favor\u201d. &nbsp;&nbsp;<\/p>\n<p>En este orden de ideas, la Sala, se ocupar\u00e1 &nbsp;en &nbsp;primer &nbsp;t\u00e9rmino, &nbsp;de &nbsp;la &nbsp;\u00faltima &nbsp;parte &nbsp;del &nbsp;cargo &nbsp;que &nbsp;endilga yerro al &nbsp;sentenciador &nbsp;por no apreciar que la cirug\u00eda urgente realizada por el actor fue &nbsp;la &nbsp;causa &nbsp;determinante &nbsp;de &nbsp;su &nbsp;desvinculaci\u00f3n del servicio de urgencias de la &nbsp;cl\u00ednica, &nbsp;circunstancia que constituye uno de los hechos basilares en el que se &nbsp;apoya &nbsp;la pretensi\u00f3n indemnizatoria, calificada en la demanda, nada menos, como &nbsp;\u201cel &nbsp;m\u00f3vil &nbsp;para tomar la arbitraria decisi\u00f3n\u201d (hecho 19), toda vez que no &nbsp;est\u00e1 &nbsp;llamada &nbsp;a &nbsp;prosperar, lo que torna innecesario, por ende, ocuparse de la &nbsp;primera &nbsp;parte &nbsp;de la acusaci\u00f3n, con prescindencia del acierto de la censura en &nbsp;lo &nbsp;que &nbsp;toca &nbsp;con &nbsp;el &nbsp;primer &nbsp;pilar, &nbsp;pues a\u00fan derrib\u00e1ndolo, la sentencia se &nbsp;sostendr\u00eda con arreglo al segundo de ellos, como se puntualiz\u00f3, &nbsp;&nbsp;<\/p>\n<p>Mem\u00f3rase &nbsp;que &nbsp;se &nbsp;emplaz\u00f3 al Tribunal por &nbsp;haber &nbsp;preterido &nbsp;varios &nbsp;indicios &nbsp;y &nbsp;declaraciones, &nbsp;de &nbsp;parte &nbsp;y &nbsp;de terceros &nbsp;\u2013antes &nbsp;resumidos- &nbsp;que &nbsp;seg\u00fan &nbsp;el &nbsp;actor, &nbsp;demuestran &nbsp;algo &nbsp;completamente diverso a lo expresado en la &nbsp;providencia impugnada. &nbsp;&nbsp;<\/p>\n<p>En &nbsp;realidad, &nbsp;no &nbsp;puede desconocerse que el &nbsp;ad &nbsp;quem &nbsp;no &nbsp;aludi\u00f3 &nbsp;en su &nbsp;fallo &nbsp;a &nbsp;la &nbsp;mayor\u00eda &nbsp;de &nbsp;las &nbsp;pruebas &nbsp;que &nbsp;bien &nbsp;se &nbsp;mencionan por el censor &nbsp;\u2013como hechos indicadores-, &nbsp;pero &nbsp; &nbsp;ello &nbsp; no &nbsp; significa, &nbsp; per &nbsp; se, &nbsp;que haya cometido el yerro f\u00e1ctico que se denuncia, menos con el &nbsp;inequ\u00edvoco &nbsp;status de colosal &nbsp;o &nbsp;manifiesto, &nbsp;puesto &nbsp;que, como varias se ha se\u00f1alado, la omisi\u00f3n en la cita &nbsp;de &nbsp;probanzas &nbsp;s\u00f3lo &nbsp;genera &nbsp;error &nbsp;de &nbsp;hecho, &nbsp;cuando de haber sido apreciadas &nbsp;estas, &nbsp; &nbsp;la &nbsp; conclusi\u00f3n &nbsp; del &nbsp; sentenciador &nbsp; hubiere &nbsp; sido &nbsp; necesaria &nbsp; e &nbsp;irrefragablemente contraria a la contenida en la sentencia. &nbsp;&nbsp;<\/p>\n<p>En efecto, esta Corporaci\u00f3n ha sostenido que &nbsp;\u201c\u2026la &nbsp;mera &nbsp;circunstancia de que en un fallo no se cite determinada prueba o &nbsp;parte &nbsp;del &nbsp;contenido de la misma, no implica error manifiesto de hecho, a menos &nbsp;que &nbsp;de &nbsp;haber apreciado el ad-quem tal medio de convicci\u00f3n, la conclusi\u00f3n del &nbsp;pronunciamiento &nbsp;ciertamente &nbsp;hubiere &nbsp;tenido que ser distinta a la adoptada por &nbsp;el &nbsp;fallador \u201c (cas. civ.&nbsp; 11 de marzo de 1991; Vid CXXIV, 448; cas. civ. &nbsp;6 &nbsp;de &nbsp;abril &nbsp;de &nbsp;1999, Exp. 4931; cas. civ. 17 de mayo de 2001 Exp. 5704 y cas. &nbsp;civ. &nbsp;14 &nbsp;de &nbsp;octubre &nbsp;de &nbsp;2004, &nbsp;Exp. 7696), doctrina casacional que vertida al &nbsp;presente &nbsp;asunto, &nbsp;obliga &nbsp;a &nbsp;la Sala examinar si es inconcuso o esplendente, al &nbsp;punto&nbsp; &nbsp;que &nbsp;de &nbsp;tales &nbsp;hechos &nbsp;apreciados &nbsp;en &nbsp;conjunto, resultaba forzoso &nbsp;inferir &nbsp;\u201cnecesaria &nbsp;e&nbsp; &nbsp;irremediablemente\u201d &nbsp;que la desvinculaci\u00f3n del &nbsp;actor &nbsp; &nbsp;obedeci\u00f3 &nbsp; &nbsp;exclusivamente &nbsp; &nbsp;a &nbsp; &nbsp;la &nbsp; &nbsp;conducta &nbsp; omisiva &nbsp; en &nbsp; que &nbsp;incurri\u00f3. &nbsp;&nbsp;<\/p>\n<p>Al &nbsp;respecto conviene recordar que la prueba &nbsp;de &nbsp;indicios, &nbsp;como ha se\u00f1alado la jurisprudencia, a la par que la doctrina, no &nbsp;merece &nbsp; &nbsp;alabanza &nbsp; &nbsp;incondicional, &nbsp; &nbsp;pero &nbsp; tampoco &nbsp; excomuni\u00f3n1 &nbsp;o rechazo de &nbsp;plano, &nbsp;por &nbsp;cuanto &nbsp;en &nbsp;determinadas &nbsp;circunstancias &nbsp;puede resultar de capital &nbsp;val\u00eda, &nbsp;aunque &nbsp;en &nbsp;esta &nbsp;materia, &nbsp;es &nbsp;cierto, &nbsp;debe &nbsp;procederse, ex &nbsp;abundante &nbsp;cautela, en lo que a ella se &nbsp;refiere, &nbsp;por &nbsp;su apariencia en ocasiones enga\u00f1osa y por cuanto su apreciaci\u00f3n &nbsp;est\u00e1 &nbsp;reservada &nbsp;a &nbsp;la sagacidad y a la inteligencia, facultades del ser humano &nbsp;tan &nbsp;variables &nbsp;como &nbsp;distintas &nbsp;son &nbsp;las &nbsp;capacidades &nbsp;de &nbsp;razonamiento de cada &nbsp;persona. &nbsp;&nbsp;<\/p>\n<p>Se &nbsp;ha &nbsp;dicho &nbsp;con &nbsp;raz\u00f3n, sin demeritar su &nbsp;relevancia, &nbsp;que &nbsp;es &nbsp;una prueba de dif\u00edcil valoraci\u00f3n, por ser una inferencia &nbsp;l\u00f3gica, &nbsp;vale &nbsp;decir, &nbsp;una &nbsp;operaci\u00f3n &nbsp;mental, un raciocinio, que se realiza a &nbsp;partir &nbsp;de &nbsp;un &nbsp;hecho &nbsp;conocido &nbsp;-hecho &nbsp;base-, &nbsp;y &nbsp;otro &nbsp;desconocido o indicado &nbsp;\u2013hecho consecuencia-, que &nbsp;se &nbsp;encuentran &nbsp;ligados &nbsp;por &nbsp;una &nbsp;relaci\u00f3n &nbsp;de causalidad. La dificultad en su &nbsp;apreciaci\u00f3n, &nbsp;se &nbsp;explica &nbsp;por los yerros que pueden presentarse al realizar la &nbsp;correspondiente &nbsp; deducci\u00f3n, &nbsp; que &nbsp; pueden &nbsp; ser &nbsp; l\u00f3gicos, &nbsp;anidados &nbsp;en &nbsp;el &nbsp;razonamiento, &nbsp;ora &nbsp;objetivos, &nbsp;es &nbsp;decir derivados de las pruebas que sirven al &nbsp;juez &nbsp; &nbsp;como &nbsp; &nbsp;hechos &nbsp; &nbsp;indicadores &nbsp; &nbsp;para &nbsp; &nbsp;efectuar &nbsp; la &nbsp; correspondiente &nbsp;inferencia. &nbsp;&nbsp;<\/p>\n<p>El &nbsp;indicio &nbsp;aunque &nbsp;desde\u00f1ado &nbsp;en \u00e9pocas &nbsp;pret\u00e9ritas &nbsp;tiene &nbsp;ganado, &nbsp;en &nbsp;los &nbsp;tiempos que corren, un sitial importante y &nbsp;destacado &nbsp;en &nbsp;el &nbsp;campo del derecho probatorio, reconoci\u00e9ndose&nbsp; que puede &nbsp;suministrar &nbsp; &nbsp; &nbsp; al &nbsp; &nbsp; &nbsp; Juez &nbsp; &nbsp; &nbsp; convicci\u00f3n &nbsp; &nbsp; &nbsp;\u00edntima &nbsp; &nbsp; &nbsp;\u2013certeza &nbsp;o probabilidad- acerca de la &nbsp;ocurrencia &nbsp;de &nbsp;los &nbsp;hechos desconocidos, pero en su apreciaci\u00f3n \u00e9ste debe ser &nbsp;muy &nbsp;cauteloso, &nbsp;como &nbsp;se anticip\u00f3, debiendo sopesar de manera muy juiciosa, de &nbsp;una &nbsp;parte, &nbsp;las &nbsp;razones &nbsp;que &nbsp;lo &nbsp;llevan &nbsp;a &nbsp;creer &nbsp;en la existencia del hecho &nbsp;desconocido, y de la otra, los motivos para no creer en \u00e9l.&nbsp; &nbsp;&nbsp;<\/p>\n<p>En &nbsp;otras &nbsp;palabras, el hecho indicador, de &nbsp;ordinario, &nbsp;presenta &nbsp;un &nbsp;doble &nbsp;cariz: &nbsp;el que indica algo de una manera m\u00e1s o &nbsp;menos &nbsp;probable &nbsp;y &nbsp;el &nbsp;que &nbsp;-aunque &nbsp;menos &nbsp;veros\u00edmil- &nbsp;puede &nbsp;contradecirlo y &nbsp;eventualmente &nbsp; &nbsp; &nbsp; &nbsp; &nbsp;podr\u00eda &nbsp; &nbsp; &nbsp; &nbsp; &nbsp;llegar &nbsp; &nbsp; &nbsp; &nbsp; &nbsp;a &nbsp; &nbsp; &nbsp; &nbsp; ser &nbsp; &nbsp; &nbsp; &nbsp; el &nbsp;real&nbsp;&nbsp;&nbsp;&nbsp;&nbsp;&nbsp;&nbsp;&nbsp;&nbsp;&nbsp;&nbsp; &nbsp;\u2013contraindicio-, &nbsp;y como &nbsp;los &nbsp;dos &nbsp;no &nbsp;pueden &nbsp;ser &nbsp;verdaderos &nbsp;al &nbsp;mismo &nbsp;tiempo, &nbsp;conforme al principio &nbsp;filos\u00f3fico &nbsp;de la contradicci\u00f3n que ense\u00f1a que una cosa no puede ser y ser al &nbsp;mismo &nbsp;tiempo, &nbsp;se requiere confrontar los dos extremos, de manera tal que de su &nbsp;cotejo pueda deducirse cu\u00e1l de los dos es el pertinente. &nbsp;&nbsp;<\/p>\n<p>Lo anterior deja ver que la apreciaci\u00f3n de &nbsp;los &nbsp; indicios &nbsp;tiene &nbsp;que &nbsp;ser &nbsp;efectuada &nbsp;de &nbsp;manera &nbsp;din\u00e1mica, &nbsp;vale &nbsp;decir, &nbsp;confrontando &nbsp;los &nbsp;indicios &nbsp;con &nbsp;las &nbsp;circunstancias, &nbsp;con &nbsp;los motivos que los &nbsp;puedan &nbsp;desvanecer &nbsp;o &nbsp;infirmar, &nbsp;sea que tales circunstancias afloren del mismo &nbsp;hecho &nbsp;indicador o de otras pruebas que aparezcan en el proceso,&nbsp; lo que ha &nbsp;llevado &nbsp;a &nbsp;la &nbsp;Sala &nbsp;precisar que \u201cdentro de las circunstancias y condiciones &nbsp;que &nbsp;determinan &nbsp;la &nbsp;eficacia &nbsp;probatoria &nbsp;del &nbsp;indicio, &nbsp;cabe &nbsp;destacar las que &nbsp;conciernen &nbsp; a &nbsp; la &nbsp; ausencia &nbsp; de &nbsp; \u00abcontraindicios\u00bb &nbsp;que &nbsp;infirmen &nbsp;su &nbsp;poder &nbsp;demostrativo, &nbsp;am\u00e9n &nbsp;de &nbsp;que, &nbsp;por &nbsp;mandato &nbsp;del &nbsp;art\u00edculo &nbsp;250 del C\u00f3digo de &nbsp;Procedimiento &nbsp;Civil, &nbsp;\u2018El &nbsp;juez &nbsp;apreciar\u00e1 &nbsp;los &nbsp;indicios &nbsp;en &nbsp;conjunto, &nbsp;teniendo &nbsp;en &nbsp;consideraci\u00f3n &nbsp;su &nbsp;gravedad, &nbsp;concordancia &nbsp;y &nbsp;convergencia, &nbsp;y su relaci\u00f3n con las dem\u00e1s pruebas &nbsp;que &nbsp; &nbsp; obren &nbsp; &nbsp;en &nbsp; &nbsp;el &nbsp; &nbsp;proceso\u2019.\u201d (cas. civ. 10 de mayo de 2000, Exp. &nbsp;5366). &nbsp;&nbsp;<\/p>\n<p>2.&nbsp; &nbsp;Hechas &nbsp;las &nbsp;anteriores precisiones &nbsp;necesarias &nbsp;para &nbsp;el &nbsp;despacho &nbsp;de &nbsp;esta parte de la acusaci\u00f3n, para la Sala es &nbsp;claro &nbsp;que &nbsp;ni &nbsp;de &nbsp;la &nbsp;reforma de la sociedad, ni del hecho de ser los m\u00e9dicos &nbsp;Ram\u00edrez, &nbsp;padre &nbsp;e &nbsp;hijo, &nbsp;miembros &nbsp;de &nbsp;sus \u00f3rganos directivos durante varios &nbsp;a\u00f1os, &nbsp;ni &nbsp;de &nbsp;la reforma que permiti\u00f3 el ingreso a la Cl\u00ednica de m\u00e9dicos no &nbsp;especialistas, &nbsp;ni &nbsp;de &nbsp;que &nbsp;la Junta Directiva se hubiere ocupado en una de sus &nbsp;sesiones &nbsp;del &nbsp;servicio de urgencias prestado por m\u00e9dicos generales, ni tampoco &nbsp;de &nbsp;que se hubiere pedido sancionar al actor por violaci\u00f3n al reglamento, ni de &nbsp;la &nbsp;existencia &nbsp;de &nbsp;las &nbsp;cartas &nbsp;cruzadas &nbsp;entre &nbsp;el &nbsp;Dr. Ram\u00edrez y el Director &nbsp;Cient\u00edfico &nbsp;de &nbsp;la &nbsp;Cl\u00ednica &nbsp;Santa Ana, y en fin, ni a\u00fan de la reuni\u00f3n de la &nbsp;Junta &nbsp;Directiva &nbsp;del &nbsp;21 &nbsp;de &nbsp;agosto &nbsp;de &nbsp;1997, &nbsp;puede &nbsp;deducirse &nbsp;necesaria &nbsp;e &nbsp;indefectiblemente, &nbsp; &nbsp;como &nbsp; &nbsp;categ\u00f3ricamente &nbsp; &nbsp;se &nbsp; pregona,&nbsp; &nbsp; que &nbsp; la &nbsp;desvinculaci\u00f3n &nbsp;de &nbsp;la &nbsp;cl\u00ednica del actor, tuvo como causa exclusiva, a manera &nbsp;de &nbsp;unicum, &nbsp;la &nbsp;pluricitada &nbsp;intervenci\u00f3n quir\u00fargica. &nbsp;&nbsp;<\/p>\n<p>&nbsp; &nbsp;&nbsp; &nbsp;&nbsp; &nbsp;&nbsp;Lo &nbsp;anterior significa que se trata de indicios contingentes, que de &nbsp;una &nbsp;parte, &nbsp;no &nbsp;tienen &nbsp;en su mayor\u00eda conexi\u00f3n con el hecho a probar y, de la &nbsp;otra, &nbsp;no son convergentes entre s\u00ed, es decir, todos reunidos no conducen a una &nbsp;sola &nbsp;sino &nbsp;a &nbsp;diversas &nbsp;hip\u00f3tesis &nbsp;o &nbsp;conclusiones, &nbsp;lo &nbsp;que &nbsp;les resta fuerza &nbsp;probatoria.&nbsp; &nbsp;&nbsp;<\/p>\n<p>&nbsp; &nbsp; &nbsp; &nbsp; &nbsp;<\/p>\n<p>Por &nbsp;v\u00eda &nbsp;de &nbsp;ejemplo, &nbsp;la &nbsp;reforma &nbsp;de &nbsp;la &nbsp;sociedad &nbsp;Cl\u00ednica &nbsp;Santa &nbsp;Ana, &nbsp;efectuada mediante escritura p\u00fablica del 28 de &nbsp;julio &nbsp;de &nbsp;1993, tuvo lugar antes de que el actor adquiriera la calidad de socio &nbsp;de &nbsp;la &nbsp;misma, &nbsp;lo &nbsp;que &nbsp;ocurri\u00f3 &nbsp;el &nbsp;31 de agosto de 1994, luego no resulta de &nbsp;recibo &nbsp;ver &nbsp;aqu\u00ed &nbsp;un &nbsp;inexorable &nbsp;indicio de la desvinculaci\u00f3n que ocurrir\u00eda &nbsp;tres &nbsp;a\u00f1os &nbsp;despu\u00e9s, pues para la primera de las fechas anotadas el demandante &nbsp;no ten\u00eda a\u00fan la condici\u00f3n de socio. &nbsp;&nbsp;<\/p>\n<p>Igual consideraci\u00f3n cabe hacer en relaci\u00f3n &nbsp;con &nbsp;los &nbsp;puestos &nbsp;de &nbsp;preeminencia &nbsp;que &nbsp;los &nbsp;doctores &nbsp;Ram\u00edrez, padre e hijo, &nbsp;tuvieron &nbsp;en &nbsp;la &nbsp;referida &nbsp;sociedad, &nbsp;en &nbsp;la medida en que tal circunstancia no &nbsp;tiene &nbsp;conexi\u00f3n &nbsp;l\u00f3gico-causal &nbsp;con &nbsp;la &nbsp;cirug\u00eda practicada por el actor y su &nbsp;posterior &nbsp;retiro &nbsp;de &nbsp;la &nbsp;secci\u00f3n &nbsp;de &nbsp;urgencias de la sociedad.&nbsp; Incluso &nbsp;rep\u00e1rese &nbsp;que &nbsp;la &nbsp;posici\u00f3n &nbsp;ocupada por el doctor Pablo Emilio Ram\u00edrez no le &nbsp;sirvi\u00f3 &nbsp;a \u00e9ste para que se sancionara al actor, como expresamente lo solicit\u00f3 &nbsp;en &nbsp;carta &nbsp;del &nbsp;18 &nbsp;de &nbsp;julio &nbsp;de &nbsp;1997, &nbsp;dirigida al Director Cient\u00edfico de la &nbsp;Cl\u00ednica, &nbsp;pues &nbsp;su &nbsp;petici\u00f3n &nbsp;no &nbsp;fue &nbsp;atendida, hecho este \u00faltimo del que se &nbsp;desprende &nbsp; un &nbsp; contraindicio &nbsp;que &nbsp;desdice &nbsp;de &nbsp;la &nbsp;influencia &nbsp;efectiva &nbsp;que pudiera tener tal galeno en los \u00f3rganos directivos de &nbsp;la &nbsp;sociedad, &nbsp;puesto &nbsp;que &nbsp;atendiendo &nbsp;las &nbsp;reglas &nbsp;de &nbsp;la &nbsp;experiencia podr\u00eda &nbsp;desprenderse &nbsp;que &nbsp;no es muy corriente, de ser ello as\u00ed,&nbsp; que se le niegue &nbsp;a &nbsp;una &nbsp;persona &nbsp;una solicitud cuando aquella, en efecto, tiene supuestamente un &nbsp;acentuado &nbsp;e irrestricto e indiscutido control o influencia sobre la entidad que &nbsp;va a resolverla, como se se\u00f1al\u00f3 en la demanda de casaci\u00f3n. &nbsp;&nbsp;<\/p>\n<p>Y &nbsp;a\u00fan &nbsp;suponiendo que los restantes hechos &nbsp;indicadores &nbsp;antes &nbsp;referidos, &nbsp;tuvieren alguna relaci\u00f3n con la desvinculaci\u00f3n &nbsp;del &nbsp;m\u00e9dico &nbsp;P\u00e9rez, &nbsp;carecer\u00edan &nbsp;de trascendencia para casar la sentencia, en &nbsp;raz\u00f3n &nbsp;a &nbsp;que no podr\u00eda la Sala, en sede de instancia, ignorar la presencia en &nbsp;el &nbsp;expediente &nbsp;de &nbsp;varios testimonios que se erigen como motivos infirmantes de &nbsp;los &nbsp;indicios &nbsp;se\u00f1alados &nbsp;por &nbsp;la &nbsp;censura, &nbsp;los que desvanecen por contera, la &nbsp;fuerza &nbsp;que &nbsp;pudiera &nbsp;derivarse &nbsp;de &nbsp;la referida prueba indiciaria, toda vez que &nbsp;tales &nbsp; &nbsp;declaraciones &nbsp; demuestran, &nbsp; como &nbsp; enseguida &nbsp; se &nbsp; ver\u00e1, que fue por raz\u00f3n de la aplicaci\u00f3n de &nbsp;los &nbsp;estatutos &nbsp;y &nbsp;reglamentos &nbsp;que &nbsp;regulaban la actividad de la Cl\u00ednica Santa &nbsp;Ana, &nbsp;que se produjo la desvinculaci\u00f3n del m\u00e9dico demandante de la secci\u00f3n de &nbsp;urgencias &nbsp;de &nbsp;la &nbsp;referida &nbsp;entidad, &nbsp;y &nbsp;no &nbsp;por &nbsp;la &nbsp;pluricitada intervenci\u00f3n &nbsp;quir\u00fargica. &nbsp;&nbsp;<\/p>\n<p>Ahora &nbsp;bien, &nbsp;como &nbsp;el &nbsp;recurrente &nbsp;tambi\u00e9n &nbsp;endilg\u00f3 &nbsp;error &nbsp;f\u00e1ctico al Tribunal por no ver en tales probanzas la relaci\u00f3n &nbsp;de &nbsp;causa &nbsp;a &nbsp;efecto &nbsp;que &nbsp;existi\u00f3 &nbsp;entre &nbsp;la intervenci\u00f3n de la cirug\u00eda y la &nbsp;\u201cexpulsi\u00f3n\u201d &nbsp;del &nbsp;actor &nbsp;como &nbsp;m\u00e9dico &nbsp;de &nbsp;urgencias, &nbsp;la &nbsp;Sala &nbsp;considera &nbsp;necesario &nbsp;analizar &nbsp;las &nbsp;declaraciones &nbsp;con &nbsp;el &nbsp;fin de evidenciar que no est\u00e1 &nbsp;acreditado &nbsp;el &nbsp;yerro &nbsp;denunciado, &nbsp;menos en la calidad de protuberante, como es &nbsp;menester &nbsp;en casaci\u00f3n.&nbsp; &nbsp;&nbsp;<\/p>\n<p>Sobre estas bases se tiene: &nbsp;<\/p>\n<p>Armida &nbsp; &nbsp;Medina &nbsp; &nbsp;Castro &nbsp;(fls. &nbsp;34 &nbsp;a 37 cdno 1) interrogada sobre el motivo por el cual se &nbsp;retir\u00f3 &nbsp;al &nbsp;actor &nbsp;del &nbsp;departamento &nbsp;de &nbsp;urgencias &nbsp;de &nbsp;la Cl\u00ednica Santa Ana, &nbsp;manifest\u00f3 &nbsp;que fue \u201c\u2026el de dar cumplimiento a las &nbsp;normas &nbsp; dictadas &nbsp; por &nbsp; la &nbsp;Asamblea &nbsp;el &nbsp;25 &nbsp;de &nbsp;agosto &nbsp;de &nbsp;1994\u201d &nbsp;y &nbsp;preguntada sobre si la carta de 25 de julio de 1997 dirigida &nbsp;por &nbsp;el &nbsp;Dr. Ram\u00edrez al director cient\u00edfico de la entidad motiv\u00f3 la solicitud &nbsp;de &nbsp;renuncia &nbsp;que &nbsp;se &nbsp;hizo &nbsp;al &nbsp;doctor &nbsp;P\u00e9rez, &nbsp;declar\u00f3 &nbsp;que &nbsp;\u201cEs &nbsp;muy &nbsp;dif\u00edcil &nbsp;para &nbsp;m\u00ed &nbsp;saber si con &nbsp;motivo &nbsp;de &nbsp;esta &nbsp;carta, &nbsp;se &nbsp;ocasion\u00f3 el despido del doctor CARLOS PEREZ de la &nbsp;Cl\u00ednica, &nbsp;pero &nbsp;lo &nbsp;que &nbsp;s\u00e9 &nbsp;es &nbsp;que por reuni\u00f3n de Junta Directiva del 21 de &nbsp;agosto &nbsp;de 1997, le exigieron al director hacer cumplir el reglamento vigente de &nbsp;la cl\u00ednica\u201d (fl. 36). &nbsp;&nbsp;<\/p>\n<p>Guillermo &nbsp; &nbsp; Antonio &nbsp; &nbsp; Ar\u00e1mbula &nbsp;Ochoa &nbsp;(fls. &nbsp;1 &nbsp;a &nbsp;4 cdno. demandante) al absolver el &nbsp;interrogatorio &nbsp;de &nbsp;parte que le fue formulado, y concretamente al responder una &nbsp;pregunta &nbsp;sobre &nbsp;la &nbsp;raz\u00f3n &nbsp;que &nbsp;ocasion\u00f3 &nbsp;el retiro del actor, manifest\u00f3 que &nbsp;\u201ctengo &nbsp;entendido pero no se a ciencia cierta, tengo &nbsp;entendido &nbsp;que &nbsp;los &nbsp;estatutos de la Cl\u00ednica Santa Ana en cuanto al servicio de &nbsp;urgencias &nbsp;establecen que los residentes de dicha \u00e1rea prestar\u00e1n sus servicios &nbsp;por &nbsp;un &nbsp;a\u00f1o, &nbsp;prorrogable &nbsp;a &nbsp;dos, &nbsp;y &nbsp;por &nbsp;lo &nbsp;tanto &nbsp;creo &nbsp;que &nbsp;esa &nbsp;fue &nbsp;la &nbsp;causal\u201d. &nbsp;&nbsp;<\/p>\n<p>Sergio Enrique Urbina Gonz\u00e1lez &nbsp;(fls. &nbsp;11 &nbsp;a &nbsp;18), &nbsp;a &nbsp;su &nbsp;turno, declar\u00f3 que \u201cel doctor Carlos &nbsp;P\u00e9rez &nbsp;era &nbsp;m\u00e9dico residente de la secci\u00f3n de urgencias hasta el a\u00f1o\u20261997, &nbsp;15 &nbsp;de &nbsp;septiembre &nbsp;cuando &nbsp;por &nbsp;mandato de una junta &nbsp;directiva &nbsp;del 21 de agosto del mismo a\u00f1o, se concret\u00f3 por \u00faltimas cumplir el &nbsp;mandato &nbsp;de &nbsp;asamblea\u2026del &nbsp;25 &nbsp;de agosto de 1994, que &nbsp;incruia &nbsp;(sic) &nbsp;sobre &nbsp;el tiempo que deb\u00edan permanecer los residentes nombrados &nbsp;en &nbsp;el \u00e1rea de urgencias de un a\u00f1o extensivo por decisi\u00f3n de junta directiva, &nbsp;m\u00e1ximo &nbsp; a &nbsp; un &nbsp; a\u00f1o &nbsp; m\u00e1s\u201d, &nbsp; agregando &nbsp; un &nbsp; poco &nbsp; m\u00e1s &nbsp;adelante &nbsp;que &nbsp;\u201c\u2026.lo que se determin\u00f3 en la junta directiva del &nbsp;21 &nbsp;de &nbsp;agosto &nbsp;de &nbsp;1997 &nbsp;fue &nbsp;hacer &nbsp;cumplir de una vez por todas el reglamento &nbsp;establecido &nbsp;en &nbsp;la &nbsp;asamblea &nbsp;ya &nbsp;nombrada &nbsp;de &nbsp;1992 y &nbsp;determinar &nbsp;que &nbsp;los &nbsp;m\u00e9dicos &nbsp;accionistas &nbsp;doctores &nbsp;Carlos &nbsp;A. &nbsp;P\u00e9rez y Luis &nbsp;Hern\u00e1ndez &nbsp;no pueden continuar prestando los servicios como m\u00e9dicos residentes &nbsp;en urgencias sino como m\u00e9dicos generales\u201d (fl. 15). &nbsp;&nbsp;<\/p>\n<p>Julio &nbsp; &nbsp;Coronel &nbsp; Becerra &nbsp;(fls. &nbsp;19 &nbsp;a &nbsp;21), &nbsp;quien &nbsp;interrogado &nbsp;sobre &nbsp;los &nbsp;motivos &nbsp;de la &nbsp;desvinculaci\u00f3n &nbsp;del &nbsp;actor &nbsp;de &nbsp;la &nbsp;secci\u00f3n de urgencias, manifest\u00f3 que \u201cEn &nbsp;primer &nbsp;lugar &nbsp;porque el doctor P\u00e9rez viol\u00f3 los reglamentos establecidos en el &nbsp;servicio &nbsp;de &nbsp;urgencias &nbsp;de &nbsp;la &nbsp;cl\u00ednica y en segundo &nbsp;lugar &nbsp;por &nbsp;que &nbsp;\u00e9l &nbsp;hab\u00eda &nbsp;firmado &nbsp;un &nbsp;documento &nbsp;en el cual se le conced\u00eda &nbsp;solamente &nbsp; un &nbsp;a\u00f1o &nbsp;para &nbsp;prestar &nbsp;servicios &nbsp;en &nbsp;urgencias &nbsp;y &nbsp;ya &nbsp;se &nbsp;hab\u00eda &nbsp;cumplido\u2026.se les concedi\u00f3 solamente por un a\u00f1o sin &nbsp;derecho &nbsp;a &nbsp;hospitalizar por la siguiente raz\u00f3n: Porque no se puede mantener un &nbsp;m\u00e9dico &nbsp;en &nbsp;una &nbsp;entidad &nbsp;en un servicio de urgencias para que el mismo m\u00e9dico &nbsp;hospitalice a nombre de \u00e9l (sic) paciente que llega.\u201d (fl. 19). &nbsp;&nbsp;<\/p>\n<p>Rafael &nbsp; &nbsp;Suz &nbsp;Coury&nbsp; &nbsp;(fls. 22 a 26), &nbsp;manifest\u00f3 &nbsp;que &nbsp;\u201cEl &nbsp;doctor &nbsp;P\u00e9rez hac\u00eda turnos en el servicio de urgencias &nbsp;como &nbsp;cualquier &nbsp;m\u00e9dico &nbsp;socio de la cl\u00ednica, y las exigencias eran atenerse a &nbsp;los &nbsp;turnos &nbsp;que &nbsp;le &nbsp;eran &nbsp;adjudicados &nbsp;como &nbsp;a &nbsp;los &nbsp;dem\u00e1s socios. Pero el no &nbsp;ejerc\u00eda &nbsp;ninguna especialidad m\u00e9dica sino lo hacia como m\u00e9dico general. Antes &nbsp;de &nbsp;ser &nbsp;socio &nbsp;labor\u00f3 &nbsp;como unos 8 o 10 a\u00f1os y despu\u00e9s de haber entrado como &nbsp;socio &nbsp; unos &nbsp; dos &nbsp; a\u00f1os &nbsp; m\u00e1s\u2026 &nbsp; de &nbsp; ninguna &nbsp; manera &nbsp;hubo &nbsp;persecuci\u00f3n &nbsp;al &nbsp;tomar &nbsp;la &nbsp;decisi\u00f3n de &nbsp;desvincularlo &nbsp;del &nbsp;servicio de urgencias simplemente se aplicaron los estatutos &nbsp;vigentes &nbsp;en la cl\u00ednica en lo que corresponde al funcionamiento del servicio de &nbsp;urgencias &nbsp;seg\u00fan el cual ning\u00fan m\u00e9dico sea socio o no socio puede laborar mas &nbsp;de &nbsp; dos &nbsp; a\u00f1os &nbsp; prestando &nbsp; el &nbsp; servicio &nbsp; de &nbsp; urgencias &nbsp; como &nbsp;m\u00e9dico &nbsp;de &nbsp;planta\u201d &nbsp;agregando &nbsp;m\u00e1s &nbsp;adelante &nbsp;que &nbsp;en &nbsp;el caso del doctor P\u00e9rez \u201chubo una aparente violaci\u00f3n del &nbsp;reglamento &nbsp;vigente &nbsp;al &nbsp;llegar un paciente al servicio de urgencias y no llamar &nbsp;al m\u00e9dico que estaba de turno\u201d (fls. 23, 24). &nbsp;&nbsp;<\/p>\n<p>Finalmente, &nbsp; &nbsp; &nbsp; &nbsp;Reynaldo &nbsp;Oma\u00f1a &nbsp;Herr\u00e1n &nbsp;(fls. 31, 32), &nbsp;declar\u00f3 &nbsp;que &nbsp;\u201cComo dije en un comienzo, la desvinculaci\u00f3n del doctor Carlos &nbsp;P\u00e9rez &nbsp;del &nbsp;servicio &nbsp;de &nbsp;urgencias &nbsp;de la cl\u00ednica Santa Ana fue una decisi\u00f3n &nbsp;tomada &nbsp;por el doctor Sergio Urbina y ser\u00e1 el quien deber\u00e1 exponer las razones &nbsp;que lo llevaron a tomar esa determinaci\u00f3n\u201d. &nbsp;&nbsp;<\/p>\n<p>Del &nbsp; cotejo &nbsp;entre &nbsp;lo &nbsp;dicho &nbsp;por &nbsp;los &nbsp;declarantes &nbsp;y &nbsp;lo &nbsp;expresado &nbsp;por &nbsp;el &nbsp;Tribunal, &nbsp;no se descubre que \u00e9ste haya &nbsp;imaginado, &nbsp;supuesto &nbsp;o &nbsp;alterado &nbsp;lo &nbsp;expresamente &nbsp;declarado por ellos, cuando &nbsp;concluy\u00f3 &nbsp;que no estaba acreditado con tales pruebas que la desvinculaci\u00f3n del &nbsp;actor &nbsp;del servicio de urgencias hubiere sido causada por la cirug\u00eda practicada &nbsp;al &nbsp;paciente &nbsp;Estupi\u00f1an, &nbsp;lo &nbsp;que &nbsp;descarta, &nbsp;por &nbsp;ende, la comisi\u00f3n del yerro &nbsp;f\u00e1ctico &nbsp;denunciado &nbsp;por &nbsp;el censor, el cual se hizo consistir, como se acot\u00f3, &nbsp;en &nbsp;que los declarantes hab\u00edan afirmado que esa era precisamente la causa de su &nbsp;retiro. &nbsp;&nbsp;<\/p>\n<p>Se &nbsp;desprende &nbsp;de &nbsp;lo &nbsp;anterior &nbsp;que &nbsp;no &nbsp;existiendo &nbsp;el error de hecho en la apreciaci\u00f3n de las referidas declaraciones, &nbsp;estas &nbsp;como &nbsp;antes se se\u00f1al\u00f3, se erigen como motivo infirmante de los indicios &nbsp;se\u00f1alados &nbsp;por &nbsp;el censor, desvaneciendo, por ende, la fuerza probatoria que de &nbsp;ellos &nbsp;pudiere &nbsp;derivarse, &nbsp;al excluir como causa \u201c\u00fanica y determinante\u201d de &nbsp;la &nbsp; desvinculaci\u00f3n &nbsp; del &nbsp;m\u00e9dico &nbsp;Carlos &nbsp;Antonio &nbsp;P\u00e9rez, &nbsp;la &nbsp;intervenci\u00f3n &nbsp;quir\u00fargica a que tantas veces se ha hecho referencia. &nbsp;&nbsp;<\/p>\n<p>Por raz\u00f3n de la improsperidad de esta parte &nbsp;de &nbsp;la &nbsp;acusaci\u00f3n,&nbsp; &nbsp;el &nbsp;segundo &nbsp;de &nbsp;los argumentos que sostiene el fallo &nbsp;impugnado &nbsp;debe &nbsp;permanecer &nbsp;inc\u00f3lume, &nbsp;y como la parte del cargo que resta por &nbsp;examinar &nbsp;se &nbsp;endereza &nbsp;contra &nbsp;el &nbsp;primero de los aludidos soportes, a\u00fan en el &nbsp;supuesto &nbsp;de &nbsp;que &nbsp;la &nbsp;censura &nbsp;pudiera &nbsp;abrirse &nbsp;paso, en gracia de discusi\u00f3n, &nbsp;resultar\u00eda &nbsp;de &nbsp;todos &nbsp;modos &nbsp;frustr\u00e1nea, &nbsp;habida &nbsp;consideraci\u00f3n que, como es &nbsp;sabido, &nbsp;si &nbsp;alguna de las bases en que se ha apoyado el Tribunal queda en pie y &nbsp;tiene &nbsp;suficiencia &nbsp;para &nbsp;respaldar la decisi\u00f3n, no puede producirse el quiebre &nbsp;de la sentencia, seg\u00fan ya se indic\u00f3. &nbsp;&nbsp;<\/p>\n<p>Sobre &nbsp;el &nbsp;particular, esta Corporaci\u00f3n ha &nbsp;sostenido &nbsp;que &nbsp;\u201ccuando la sentencia acusada se basa &nbsp;en &nbsp; varios &nbsp;motivos &nbsp;jur\u00eddicos, &nbsp;independientes, &nbsp;pero &nbsp;cada &nbsp;uno &nbsp;con &nbsp;fuerza &nbsp;suficiente &nbsp;para sustentar la decisi\u00f3n jurisdiccional, &nbsp;no &nbsp;es &nbsp;dif\u00edcil &nbsp;descubrir &nbsp;que &nbsp;si &nbsp;la &nbsp;censura &nbsp;en casaci\u00f3n es ineficaz para &nbsp;desvirtuar &nbsp;todos &nbsp;los &nbsp;soportes del fallo, porque permanece en vigor alguno que &nbsp;le &nbsp;mantiene &nbsp;su &nbsp;firmeza en derecho, el recurso no es susceptible de prosperar, &nbsp;a\u00fan &nbsp;en &nbsp;el &nbsp;supuesto &nbsp;de &nbsp;que fueran destruidos los &nbsp;motivos &nbsp; restantes &nbsp; de &nbsp; la &nbsp; sentencia &nbsp; acusada\u201d &nbsp;(LXXXVIII, &nbsp;596, &nbsp;CLI, 199), luego lo anterior lleva a la Sala a concluir que no &nbsp;es &nbsp;conducente, &nbsp;en &nbsp;rigor, &nbsp;ocuparse &nbsp;del an\u00e1lisis de los restantes motivos de &nbsp;inconformidad &nbsp;que &nbsp;menciona &nbsp;el &nbsp;recurrente, &nbsp;por &nbsp;cuanto aun admitiendo que le &nbsp;asistiere &nbsp;raz\u00f3n &nbsp;en &nbsp;torno &nbsp;a sus precisos razonamientos, no podr\u00e1 casarse la &nbsp;sentencia, &nbsp;precisamente &nbsp;porque &nbsp;seguir\u00eda &nbsp;encontrando &nbsp;apoyo &nbsp;en &nbsp;un pilar no &nbsp;socavado &nbsp;en &nbsp;casaci\u00f3n, &nbsp;lo &nbsp;que &nbsp;torna intangible la sentencia del Tribunal de &nbsp;segundo &nbsp;grado, &nbsp;en &nbsp;atenci\u00f3n a la acerada presunci\u00f3n de acierto que escolta a &nbsp;sus &nbsp;fallos, &nbsp;los &nbsp;cuales, &nbsp;en &nbsp;defecto &nbsp;de &nbsp;una &nbsp;acusaci\u00f3n victoriosa, merecen &nbsp;acatamiento. &nbsp;&nbsp;<\/p>\n<p>DECISION &nbsp;&nbsp;<\/p>\n<p>En m\u00e9rito de lo expuesto, la Corte Suprema &nbsp;de &nbsp;Justicia &nbsp;en Sala de Casaci\u00f3n Civil, administrando justicia en nombre de la &nbsp;Rep\u00fablica &nbsp;y &nbsp;por &nbsp;autoridad de la ley, NO &nbsp; &nbsp;CASA &nbsp; la &nbsp;sentencia &nbsp;que &nbsp;en &nbsp;este &nbsp;juicio &nbsp;pronunciara &nbsp;el &nbsp;Tribunal Superior de Distrito &nbsp;Judicial de C\u00facuta, arriba referenciada. &nbsp;&nbsp;<\/p>\n<p>Costas en casaci\u00f3n&nbsp; a cargo de la parte &nbsp;recurrente. T\u00e1sense. &nbsp;&nbsp;<\/p>\n<p>C\u00f3piese, &nbsp; notif\u00edquese &nbsp; y &nbsp;oportunamente &nbsp;devu\u00e9lvase al tribunal de origen. &nbsp;&nbsp;<\/p>\n<p>EDGARDO VILLAMIL PORTILLA &nbsp;<\/p>\n<p>&nbsp;&nbsp;&nbsp;&nbsp;&nbsp;&nbsp;&nbsp;&nbsp;&nbsp;&nbsp;&nbsp;&nbsp;&nbsp;&nbsp; &nbsp;MANUEL ISIDRO ARDILA VELASQUEZ &nbsp;&nbsp;<\/p>\n<p>JAIME ALBERTO ARRUBLA PAUCAR &nbsp;<\/p>\n<p>CARLOS &nbsp; &nbsp; &nbsp;IGNACIO &nbsp; &nbsp; &nbsp;JARAMILLO &nbsp;JARAMILLO &nbsp;&nbsp;<\/p>\n<p>SILVIO FERNANDO TREJOS BUENO &nbsp;<\/p>\n<p>CESAR JULIO VALENCIA COPETE &nbsp;<\/p>\n<p>&nbsp; &nbsp;&nbsp;<\/p>\n<p>1 &nbsp;Framarino &nbsp;Dei &nbsp;Malatesta &nbsp;Nicola, &nbsp;L\u00f3gica &nbsp;de las pruebas en materia criminal, &nbsp;Temis, Bogot\u00e1 1988 Vo. I, pg 271. &nbsp; &nbsp;&nbsp;<\/p>\n<p>\n","protected":false},"excerpt":{"rendered":"<p>SC-134-2005 [5400131030041988-0333-01] &nbsp; &nbsp; &nbsp;&nbsp; CORTE &nbsp; SUPREMA &nbsp; DE &nbsp;JUSTICIA &nbsp;&nbsp; SALA &nbsp; DE &nbsp; CASACION &nbsp;CIVIL &nbsp;&nbsp; Magistrado &nbsp;Ponente &nbsp;&nbsp; Bogot\u00e1, &nbsp;D. &nbsp;C.,&nbsp; &nbsp;Veintisiete &nbsp;(27) de &nbsp;junio de dos mil cinco (2005). &nbsp;&nbsp; Ref. &nbsp;Expediente &nbsp;No. &nbsp;540013103004-1988-0333-01 &nbsp;&nbsp; Dec\u00eddese &nbsp;el &nbsp;recurso de casaci\u00f3n formulado &nbsp;por &nbsp;el &nbsp;se\u00f1or Carlos Antonio P\u00e9rez Reyes contra la [&hellip;]<\/p>\n","protected":false},"author":1,"featured_media":0,"comment_status":"open","ping_status":"open","sticky":false,"template":"","format":"standard","meta":{"footnotes":""},"categories":[86],"tags":[],"class_list":["post-82982","post","type-post","status-publish","format-standard","hentry","category-86"],"_links":{"self":[{"href":"https:\/\/www.dmsjuridica.com\/buscador_20179478954\/salacivil\/wp-json\/wp\/v2\/posts\/82982","targetHints":{"allow":["GET"]}}],"collection":[{"href":"https:\/\/www.dmsjuridica.com\/buscador_20179478954\/salacivil\/wp-json\/wp\/v2\/posts"}],"about":[{"href":"https:\/\/www.dmsjuridica.com\/buscador_20179478954\/salacivil\/wp-json\/wp\/v2\/types\/post"}],"author":[{"embeddable":true,"href":"https:\/\/www.dmsjuridica.com\/buscador_20179478954\/salacivil\/wp-json\/wp\/v2\/users\/1"}],"replies":[{"embeddable":true,"href":"https:\/\/www.dmsjuridica.com\/buscador_20179478954\/salacivil\/wp-json\/wp\/v2\/comments?post=82982"}],"version-history":[{"count":0,"href":"https:\/\/www.dmsjuridica.com\/buscador_20179478954\/salacivil\/wp-json\/wp\/v2\/posts\/82982\/revisions"}],"wp:attachment":[{"href":"https:\/\/www.dmsjuridica.com\/buscador_20179478954\/salacivil\/wp-json\/wp\/v2\/media?parent=82982"}],"wp:term":[{"taxonomy":"category","embeddable":true,"href":"https:\/\/www.dmsjuridica.com\/buscador_20179478954\/salacivil\/wp-json\/wp\/v2\/categories?post=82982"},{"taxonomy":"post_tag","embeddable":true,"href":"https:\/\/www.dmsjuridica.com\/buscador_20179478954\/salacivil\/wp-json\/wp\/v2\/tags?post=82982"}],"curies":[{"name":"wp","href":"https:\/\/api.w.org\/{rel}","templated":true}]}}